{"id":978,"date":"2021-02-23T14:23:51","date_gmt":"2021-02-23T14:23:51","guid":{"rendered":"https:\/\/br.sx-magazine-wp.sixt.io\/magazine\/?p=978"},"modified":"2021-02-23T14:25:37","modified_gmt":"2021-02-23T14:25:37","slug":"carros-conectados-futuro","status":"publish","type":"post","link":"https:\/\/www.sixt.com.br\/magazine\/future-mobility\/carros-conectados-futuro\/","title":{"rendered":"O FUTURO DA ASSIST\u00caNCIA \u00c0 DIRE\u00c7\u00c3O"},"content":{"rendered":"\n<figure class=\"wp-block-image size-large\"><img decoding=\"async\" width=\"800\" height=\"450\" data-src=\"https:\/\/br.sx-magazine-wp.sixt.io\/magazine\/wp-content\/uploads\/sites\/15\/2021\/02\/connected-cars.jpg\" alt=\"\" class=\"wp-image-983 lazyload\" data-srcset=\"https:\/\/www.sixt.com.br\/magazine\/wp-content\/uploads\/\/sites\/15\/2021\/02\/connected-cars.jpg 800w, https:\/\/www.sixt.com.br\/magazine\/wp-content\/uploads\/\/sites\/15\/2021\/02\/connected-cars-300x169.jpg 300w, https:\/\/www.sixt.com.br\/magazine\/wp-content\/uploads\/\/sites\/15\/2021\/02\/connected-cars-768x432.jpg 768w\" data-sizes=\"(max-width: 800px) 100vw, 800px\" src=\"data:image\/svg+xml;base64,PHN2ZyB3aWR0aD0iMSIgaGVpZ2h0PSIxIiB4bWxucz0iaHR0cDovL3d3dy53My5vcmcvMjAwMC9zdmciPjwvc3ZnPg==\" style=\"--smush-placeholder-width: 800px; --smush-placeholder-aspect-ratio: 800\/450;\" \/><\/figure>\n\n\n\n<p>Os carros aut\u00f4nomos ou semi-autonomos, ser\u00e3o maioria no futuro.&nbsp;Muitas empresas diferentes desenvolveram tecnologia para auxiliar os motoristas, incluindo a Ericsson.<\/p>\n\n\n\n<p>A Ericsson colabora h\u00e1 algum tempo com v\u00e1rias empresas automotivas, como a Volvo e a empresa de tecnologia de automo\u00e7\u00e3o, Veoneer, em projetos que usam o&nbsp;&#8220;<strong>Connected Vehicle Cloud<\/strong>&#8221; ve\u00edculo conectado com a nuvem&nbsp;(CVC).&nbsp;Com nova tecnologia 5G, oportunidades adicionais s\u00e3o poss\u00edveis para que este sistema de assist\u00eancia t\u00e9cnica inteligente facilite a dire\u00e7\u00e3o e o fluxo do tr\u00e2nsito.&nbsp;Analisamos mais de perto a tecnologia, como ela se apresenta hoje e o que podemos esperar no futuro.<\/p>\n\n\n\n<h2 class=\"wp-block-heading\"><strong>O QUE \u00c9 O VE\u00cdCULO CONECTADO COM A NUVEM?<\/strong><\/h2>\n\n\n\n<p>&#8220;Connected Vehicle Cloud&#8221; \u00e9 o nome da plataforma de servi\u00e7o digital da Ericsson que permite aos fabricantes de ve\u00edculos desenvolver e gerenciar rapidamente novos servi\u00e7os para ve\u00edculos conectados.&nbsp;Muitas montadoras usam a plataforma, ou tecnologia semelhante, para conectar seus carros e formar seus pr\u00f3prios ecossistemas de ve\u00edculos.<\/p>\n\n\n\n<p>Essa conectividade oferece suporte \u00e0 Assist\u00eancia Avan\u00e7ada \u00e0 Dire\u00e7\u00e3o (ADAS) como o primeiro passo para carros aut\u00f4nomos.&nbsp;A plataforma tamb\u00e9m \u00e9 usada para outros servi\u00e7os conectados, como:<\/p>\n\n\n\n<ul class=\"wp-block-list\"><li>Alertas para problemas de servi\u00e7o e manuten\u00e7\u00e3o com o ve\u00edculo<\/li><li>Trancar e destrancar o carro remotamente e controlar o aquecimento<\/li><li>Alertas quando h\u00e1 um acidente ou falha do motor<\/li><li>Recursos automatizados, como detec\u00e7\u00e3o de bicicleta, freio autom\u00e1tico, estacionamento e assist\u00eancia de rastreamento<\/li><\/ul>\n\n\n\n<figure class=\"wp-block-embed-youtube wp-block-embed is-type-rich is-provider-embed-handler wp-embed-aspect-16-9 wp-has-aspect-ratio\"><div class=\"wp-block-embed__wrapper\">\nhttps:\/\/youtube.com\/watch?v=btP23Ra7FnE\n<\/div><\/figure>\n\n\n\n<p>Assista a um breve v\u00eddeo sobre como a tecnologia conectada pode ajudar ambul\u00e2ncias \/ \u00a9 Ericsson e Veoneer<\/p>\n\n\n\n<h2 class=\"wp-block-heading\"><strong>O CARRO CONECTADO \u00c0 INTERNET<\/strong><\/h2>\n\n\n\n<p>Em uma parceria as grandes do mercado Ericsson e Volvo est\u00e3o desenvolvendo a pr\u00f3xima gera\u00e7\u00e3o de carros da marca automotiva.\u00a0Os carros do futuro sempre estar\u00e3o conectados, mas eles devem ser melhorados para se tornarem completamente cientes da rede e se tornarem os chamados \u201ccarros com consci\u00eancia da rede\u201d.\u00a0Em mar\u00e7o de 2020, a organiza\u00e7\u00e3o da GREAT network em Gotemburgo, Su\u00e9cia, organizou uma confer\u00eancia digital na qual v\u00e1rias apresenta\u00e7\u00f5es de empresas foram transmitidas ao vivo pela Internet.\u00a0L\u00e1, a Volvo Cars falou sobre os desafios que os fabricantes de autom\u00f3veis enfrentar\u00e3o no futuro.<\/p>\n\n\n\n<p>Atualmente, os ve\u00edculos produzidos pela Volvo s\u00e3o vendidos em mais de 120 pa\u00edses, a maioria dos quais com diferentes redes e provedores de Internet.\u00a0Apesar das diferen\u00e7as globais nas redes, a conex\u00e3o \u00e0 Internet est\u00e1 sendo embutida no software e isso permite que Android e Google entreguem seus servi\u00e7os diretamente para os carros.\u00a0A conex\u00e3o embutida deve atualizar automaticamente os carros com as vers\u00f5es de software mais recentes.\u00a0A ideia \u00e9 que futuramente seja poss\u00edvel conectar o carro \u00e0 pr\u00f3pria infraestrutura, e a outros ve\u00edculos para tornar a dire\u00e7\u00e3o mais segura. <\/p>\n\n\n\n<figure class=\"wp-block-embed-youtube wp-block-embed is-type-rich is-provider-embed-handler wp-embed-aspect-16-9 wp-has-aspect-ratio\"><div class=\"wp-block-embed__wrapper\">\n<iframe title=\"Ericsson Connected Vehicle\" width=\"500\" height=\"281\" data-src=\"https:\/\/www.youtube.com\/embed\/pLrNBGKYm1I?feature=oembed\" frameborder=\"0\" allow=\"accelerometer; autoplay; clipboard-write; encrypted-media; gyroscope; picture-in-picture; web-share\" referrerpolicy=\"strict-origin-when-cross-origin\" allowfullscreen src=\"data:image\/svg+xml;base64,PHN2ZyB3aWR0aD0iMSIgaGVpZ2h0PSIxIiB4bWxucz0iaHR0cDovL3d3dy53My5vcmcvMjAwMC9zdmciPjwvc3ZnPg==\" class=\"lazyload\" data-load-mode=\"1\"><\/iframe>\n<\/div><\/figure>\n\n\n\n<p>A nova tecnologia da Ericsson \/ \u00a9 Ericsson<\/p>\n\n\n\n<h2 class=\"wp-block-heading\"><strong>A IMPORT\u00c2NCIA DO 5G<\/strong><\/h2>\n\n\n\n<p>Para oferecer uma integra\u00e7\u00e3o totalmente perfeita, a tecnologia 5G ser\u00e1 necess\u00e1ria.\u00a0Assim, a capacidade do ecossistema de tr\u00e1fego aumenta ao acelerar as transmiss\u00f5es de dados.\u00a0Desta forma, ser\u00e1 ainda mais f\u00e1cil para os carros se comunicarem com outros ve\u00edculos e com a nuvem.\u00a0Isso tamb\u00e9m inclui prestadores de servi\u00e7os, bem como transporte e autoridades regulat\u00f3rias.\u00a0O 5G n\u00e3o oferece apenas benef\u00edcios para a ind\u00fastria automotiva;\u00a0outros agentes e sistemas podem us\u00e1-lo para se desenvolver plenamente.\u00a0A Internet das Coisas &#8211; onde diferentes dispositivos s\u00e3o conectados a um sistema comum e entre si &#8211; j\u00e1 est\u00e1 crescendo e precisar\u00e1 de mais energia no futuro.<\/p>\n\n\n\n<figure class=\"wp-block-image\"><img decoding=\"async\" data-src=\"https:\/\/com.sx-magazine-wp.sixt.io\/magazine\/wp-content\/uploads\/sites\/6\/2020\/09\/volvo.jpg\" alt=\"\" class=\"wp-image-6701 lazyload\" src=\"data:image\/svg+xml;base64,PHN2ZyB3aWR0aD0iMSIgaGVpZ2h0PSIxIiB4bWxucz0iaHR0cDovL3d3dy53My5vcmcvMjAwMC9zdmciPjwvc3ZnPg==\" \/><figcaption>SUV Volvo na estrada para o futuro.\u00a0Foto: \u00a9 Volvo Cars<\/figcaption><\/figure>\n\n\n\n<h2 class=\"wp-block-heading\"><strong>O FUTURO DE ACORDO COM A ERICSSON<\/strong><\/h2>\n\n\n\n<p>Para obter mais informa\u00e7\u00f5es, conversamos com Charlotte Lund\u00e9n, Chefe de Vendas de Ve\u00edculos Conectados de Prepara\u00e7\u00e3o da Ericsson.\u00a0Aqui est\u00e3o algumas de suas respostas.<\/p>\n\n\n\n<h4 class=\"wp-block-heading\">O QUE ACONTECER\u00c1 COM O CONNECTED VEHICLE CLOUD NO FUTURO?<\/h4>\n\n\n\n<blockquote class=\"wp-block-quote is-layout-flow wp-block-quote-is-layout-flow\"><p>\u201c[\u2026] A Ericsson \u00e9 l\u00edder em pesquisa e desenvolvimento de redes de r\u00e1dio e centrais em conex\u00e3o m\u00f3vel \/ celular.&nbsp;Todos os nossos clientes da ind\u00fastria automotiva poder\u00e3o tirar proveito do desenvolvimento cont\u00ednuo de 5G e automa\u00e7\u00e3o, bem como de como os servi\u00e7os relacionados \u00e0 rede est\u00e3o vinculados \u00e0 Nuvem de Ve\u00edculos Conectados para a melhor experi\u00eancia de conex\u00e3o poss\u00edvel. \u201d<\/p><\/blockquote>\n\n\n\n<h4 class=\"wp-block-heading\">QUAL A IMPORT\u00c2NCIA DO 5G PARA O CONNECTED VEHICLE CLOUD, OS CARROS AUT\u00d4NOMOS E A INTERNET DAS COISAS?<\/h4>\n\n\n\n<blockquote class=\"wp-block-quote is-layout-flow wp-block-quote-is-layout-flow\"><p>\u201cO 5G foi projetado principalmente para atender \u00e0s necessidades da ind\u00fastria.\u00a0\u00c9 um sistema constru\u00eddo para realizar, por exemplo, ve\u00edculos aut\u00f4nomos, controle de drones e cirurgia remota.\u00a0A rede 5G, caracterizada por atrasos de apenas milissegundos, alta largura de banda e capacidade de qualidade dedicada por meio de \u201cdivis\u00e3o de rede\u201d, \u00e9 uma ferramenta para mudar fundamentalmente a ind\u00fastria.\u00a0Ele abre portas para oportunidades e inova\u00e7\u00f5es que ainda n\u00e3o foram poss\u00edveis hoje.\u00a0A Ericsson \u00e9 l\u00edder mundial em implementa\u00e7\u00f5es 5G e temos a conectividade como nossa principal compet\u00eancia.\u00a0Isso, em combina\u00e7\u00e3o com nosso compromisso com a ind\u00fastria automotiva e de transporte, por meio de Connected Vehicle Cloud e servi\u00e7os relacionados \u00e0 rede, entre outras coisas, nos impulsiona e nosso objetivo de tornar a conex\u00e3o mais f\u00e1cil para a ind\u00fastria automotiva.<\/p><\/blockquote>\n\n\n\n<h4 class=\"wp-block-heading\">MUITAS PESSOAS EST\u00c3O PREOCUPADAS COM O 5G E COMO ELE AFETAR\u00c1 OS SERES HUMANOS, OS ANIMAIS E A NATUREZA.&nbsp;O QUE VOC\u00ca ACHA DISSO?&nbsp;E O QUE ACONTECE SE O SEU CARRO TEM UMA CONEX\u00c3O RUIM?<\/h4>\n\n\n\n<blockquote class=\"wp-block-quote is-layout-flow wp-block-quote-is-layout-flow\"><p>\u201cOs servi\u00e7os conectados em ve\u00edculos hoje s\u00e3o principalmente uma ferramenta para melhorar a experi\u00eancia de dire\u00e7\u00e3o e apoiar o motorista fazendo recomenda\u00e7\u00f5es.&nbsp;O motorista \u00e9 sempre respons\u00e1vel pelas decis\u00f5es no ve\u00edculo.&nbsp;\u00c0 medida que avan\u00e7amos para o transporte aut\u00f4nomo mais avan\u00e7ado, a conex\u00e3o aumentar\u00e1 em import\u00e2ncia e a demanda por boa qualidade de rede m\u00f3vel e cobertura em torno de nossas estradas aumentar\u00e1 dramaticamente.&nbsp;\u00c9 importante que a expans\u00e3o da infraestrutura seja capaz de atender aos requisitos de transporte aut\u00f4nomo para possibilitar a plena utiliza\u00e7\u00e3o de sistemas como dire\u00e7\u00e3o assistida e dire\u00e7\u00e3o aut\u00f4noma \u201d.<\/p><\/blockquote>\n\n\n\n<h4 class=\"wp-block-heading\">O QUE O CONNECTED VEHICLE CLOUD SIGNIFICA PARA O TR\u00c1FEGO EM GERAL E PARA O MEIO AMBIENTE?<\/h4>\n\n\n\n<blockquote class=\"wp-block-quote is-layout-flow wp-block-quote-is-layout-flow\"><p>\u201cQuando os ve\u00edculos s\u00e3o conectados por meio da rede m\u00f3vel a outros ve\u00edculos, bem como ao ecossistema de transporte ao seu redor, melhorias no fluxo de tr\u00e1fego s\u00e3o poss\u00edveis e a seguran\u00e7a pode ser melhorada.\u00a0[&#8230;] Um exemplo \u00e9 como a seguran\u00e7a para ciclistas ou trabalhadores rodovi\u00e1rios seria mais seguro.\u00a0Os sistemas de seguran\u00e7a dos inovadores Sistemas Avan\u00e7ados de Assist\u00eancia ao Motorista (ADAS) podem alertar o motorista que h\u00e1 ciclistas nas proximidades para evitar colis\u00f5es, mesmo que os ciclistas n\u00e3o estejam vis\u00edveis para o motorista.\u00a0Os inovadores sistemas de seguran\u00e7a do motorista tamb\u00e9m podem alertar os motoristas sobre o trabalho na estrada muito antes de serem vis\u00edveis para eles.\u00a0Quando os motoristas s\u00e3o informados a tempo, eles podem agir, por exemplo, reduzindo a velocidade. \u201d<\/p><\/blockquote>\n\n\n\n<p>Quando questionados sobre o que \u00e9 mais importante para garantir a seguran\u00e7a de carros inteligentes, assist\u00eancia na dire\u00e7\u00e3o e tr\u00e1fego do futuro, a resposta \u00e9 simples e \u00f3bvia: 5G.\u00a0Uma coisa \u00e9 certa, o futuro ser\u00e1 emocionante &#8211; e conectado!<\/p>\n\n\n\n<p>Artigo original por <a href=\"https:\/\/www.sixt.se\/magazine\/author\/ingrid\/\" target=\"_blank\" rel=\"noreferrer noopener\">Ingrid Carlsson<\/a><\/p>\n<!-- AddThis Advanced Settings generic via filter on the_content --><!-- AddThis Share Buttons generic via filter on the_content -->","protected":false},"excerpt":{"rendered":"<p>Os carros aut\u00f4nomos ou semi-autonomos, ser\u00e3o maioria no futuro.&nbsp;Muitas empresas diferentes desenvolveram tecnologia para auxiliar os motoristas, incluindo a Ericsson. A Ericsson colabora h\u00e1 algum tempo com v\u00e1rias empresas automotivas, como a Volvo e a empresa de tecnologia de automo\u00e7\u00e3o, Veoneer, em projetos que usam o&nbsp;&#8220;Connected Vehicle Cloud&#8221; ve\u00edculo conectado com a nuvem&nbsp;(CVC).&nbsp;Com nova tecnologia&#8230;<!-- AddThis Advanced Settings generic via filter on get_the_excerpt --><!-- AddThis Share Buttons generic via filter on get_the_excerpt --><\/p>\n","protected":false},"author":45,"featured_media":983,"comment_status":"open","ping_status":"open","sticky":false,"template":"","format":"standard","meta":{"_genesis_hide_title":false,"_genesis_hide_breadcrumbs":false,"_genesis_hide_singular_image":false,"_genesis_hide_footer_widgets":false,"_genesis_custom_body_class":"","_genesis_custom_post_class":"","_genesis_layout":"","ngg_post_thumbnail":0,"footnotes":""},"categories":[59,3],"tags":[],"class_list":{"0":"post-978","1":"post","2":"type-post","3":"status-publish","4":"format-standard","5":"has-post-thumbnail","7":"category-future-mobility","8":"category-noticias","9":"entry"},"yoast_head":"<!-- This site is optimized with the Yoast SEO plugin v27.1.1 - https:\/\/yoast.com\/product\/yoast-seo-wordpress\/ -->\n<title>O FUTURO DA ASSIST\u00caNCIA \u00c0 DIRE\u00c7\u00c3O - Sixt Magazine<\/title>\n<meta name=\"description\" content=\"Volvo e Ericsson est\u00e3o colaborando para o Connected Vehicle Cloud, carros conectados e seguros, a pr\u00f3xima gera\u00e7\u00e3o Volvo.\" \/>\n<meta name=\"robots\" content=\"index, follow, max-snippet:-1, max-image-preview:large, max-video-preview:-1\" \/>\n<link rel=\"canonical\" href=\"https:\/\/www.sixt.com.br\/magazine\/future-mobility\/carros-conectados-futuro\/\" \/>\n<meta property=\"og:locale\" content=\"en_US\" \/>\n<meta property=\"og:type\" content=\"article\" \/>\n<meta property=\"og:title\" content=\"O FUTURO DA ASSIST\u00caNCIA \u00c0 DIRE\u00c7\u00c3O - Sixt Magazine\" \/>\n<meta property=\"og:description\" content=\"Volvo e Ericsson est\u00e3o colaborando para o Connected Vehicle Cloud, carros conectados e seguros, a pr\u00f3xima gera\u00e7\u00e3o Volvo.\" \/>\n<meta property=\"og:url\" content=\"https:\/\/www.sixt.com.br\/magazine\/future-mobility\/carros-conectados-futuro\/\" \/>\n<meta property=\"og:site_name\" content=\"Sixt Brasil Magazine\" \/>\n<meta property=\"article:published_time\" content=\"2021-02-23T14:23:51+00:00\" \/>\n<meta property=\"article:modified_time\" content=\"2021-02-23T14:25:37+00:00\" \/>\n<meta property=\"og:image\" content=\"https:\/\/www.sixt.com.br\/magazine\/wp-content\/uploads\/\/sites\/15\/2021\/02\/connected-cars.jpg\" \/>\n\t<meta property=\"og:image:width\" content=\"800\" \/>\n\t<meta property=\"og:image:height\" content=\"450\" \/>\n\t<meta property=\"og:image:type\" content=\"image\/jpeg\" \/>\n<meta name=\"twitter:card\" content=\"summary_large_image\" \/>\n<meta name=\"twitter:label1\" content=\"Written by\" \/>\n\t<meta name=\"twitter:data1\" content=\"\" \/>\n\t<meta name=\"twitter:label2\" content=\"Est. reading time\" \/>\n\t<meta name=\"twitter:data2\" content=\"6 minutes\" \/>\n<!-- \/ Yoast SEO plugin. -->","yoast_head_json":{"title":"O FUTURO DA ASSIST\u00caNCIA \u00c0 DIRE\u00c7\u00c3O - Sixt Magazine","description":"Volvo e Ericsson est\u00e3o colaborando para o Connected Vehicle Cloud, carros conectados e seguros, a pr\u00f3xima gera\u00e7\u00e3o Volvo.","robots":{"index":"index","follow":"follow","max-snippet":"max-snippet:-1","max-image-preview":"max-image-preview:large","max-video-preview":"max-video-preview:-1"},"canonical":"https:\/\/www.sixt.com.br\/magazine\/future-mobility\/carros-conectados-futuro\/","og_locale":"en_US","og_type":"article","og_title":"O FUTURO DA ASSIST\u00caNCIA \u00c0 DIRE\u00c7\u00c3O - Sixt Magazine","og_description":"Volvo e Ericsson est\u00e3o colaborando para o Connected Vehicle Cloud, carros conectados e seguros, a pr\u00f3xima gera\u00e7\u00e3o Volvo.","og_url":"https:\/\/www.sixt.com.br\/magazine\/future-mobility\/carros-conectados-futuro\/","og_site_name":"Sixt Brasil Magazine","article_published_time":"2021-02-23T14:23:51+00:00","article_modified_time":"2021-02-23T14:25:37+00:00","og_image":[{"width":800,"height":450,"url":"https:\/\/www.sixt.com.br\/magazine\/wp-content\/uploads\/\/sites\/15\/2021\/02\/connected-cars.jpg","type":"image\/jpeg"}],"twitter_card":"summary_large_image","twitter_misc":{"Written by":"","Est. reading time":"6 minutes"},"schema":{"@context":"https:\/\/schema.org","@graph":[{"@type":"Article","@id":"https:\/\/www.sixt.com.br\/magazine\/future-mobility\/carros-conectados-futuro\/#article","isPartOf":{"@id":"https:\/\/www.sixt.com.br\/magazine\/future-mobility\/carros-conectados-futuro\/"},"author":{"name":"","@id":""},"headline":"O FUTURO DA ASSIST\u00caNCIA \u00c0 DIRE\u00c7\u00c3O","datePublished":"2021-02-23T14:23:51+00:00","dateModified":"2021-02-23T14:25:37+00:00","mainEntityOfPage":{"@id":"https:\/\/www.sixt.com.br\/magazine\/future-mobility\/carros-conectados-futuro\/"},"wordCount":1281,"commentCount":0,"image":{"@id":"https:\/\/www.sixt.com.br\/magazine\/future-mobility\/carros-conectados-futuro\/#primaryimage"},"thumbnailUrl":"https:\/\/www.sixt.com.br\/magazine\/wp-content\/uploads\/\/sites\/15\/2021\/02\/connected-cars.jpg","articleSection":["Future Mobility","Not\u00edcias"],"inLanguage":"en-US","potentialAction":[{"@type":"CommentAction","name":"Comment","target":["https:\/\/www.sixt.com.br\/magazine\/future-mobility\/carros-conectados-futuro\/#respond"]}]},{"@type":"WebPage","@id":"https:\/\/www.sixt.com.br\/magazine\/future-mobility\/carros-conectados-futuro\/","url":"https:\/\/www.sixt.com.br\/magazine\/future-mobility\/carros-conectados-futuro\/","name":"O FUTURO DA ASSIST\u00caNCIA \u00c0 DIRE\u00c7\u00c3O - Sixt Magazine","isPartOf":{"@id":"https:\/\/www.sixt.com.br\/magazine\/#website"},"primaryImageOfPage":{"@id":"https:\/\/www.sixt.com.br\/magazine\/future-mobility\/carros-conectados-futuro\/#primaryimage"},"image":{"@id":"https:\/\/www.sixt.com.br\/magazine\/future-mobility\/carros-conectados-futuro\/#primaryimage"},"thumbnailUrl":"https:\/\/www.sixt.com.br\/magazine\/wp-content\/uploads\/\/sites\/15\/2021\/02\/connected-cars.jpg","datePublished":"2021-02-23T14:23:51+00:00","dateModified":"2021-02-23T14:25:37+00:00","author":{"@id":""},"description":"Volvo e Ericsson est\u00e3o colaborando para o Connected Vehicle Cloud, carros conectados e seguros, a pr\u00f3xima gera\u00e7\u00e3o Volvo.","breadcrumb":{"@id":"https:\/\/www.sixt.com.br\/magazine\/future-mobility\/carros-conectados-futuro\/#breadcrumb"},"inLanguage":"en-US","potentialAction":[{"@type":"ReadAction","target":["https:\/\/www.sixt.com.br\/magazine\/future-mobility\/carros-conectados-futuro\/"]}]},{"@type":"ImageObject","inLanguage":"en-US","@id":"https:\/\/www.sixt.com.br\/magazine\/future-mobility\/carros-conectados-futuro\/#primaryimage","url":"https:\/\/www.sixt.com.br\/magazine\/wp-content\/uploads\/\/sites\/15\/2021\/02\/connected-cars.jpg","contentUrl":"https:\/\/www.sixt.com.br\/magazine\/wp-content\/uploads\/\/sites\/15\/2021\/02\/connected-cars.jpg","width":800,"height":450},{"@type":"BreadcrumbList","@id":"https:\/\/www.sixt.com.br\/magazine\/future-mobility\/carros-conectados-futuro\/#breadcrumb","itemListElement":[{"@type":"ListItem","position":1,"name":"Home","item":"https:\/\/www.sixt.com.br\/magazine\/"},{"@type":"ListItem","position":2,"name":"O FUTURO DA ASSIST\u00caNCIA \u00c0 DIRE\u00c7\u00c3O"}]},{"@type":"WebSite","@id":"https:\/\/www.sixt.com.br\/magazine\/#website","url":"https:\/\/www.sixt.com.br\/magazine\/","name":"Sixt Brasil Magazine","description":"Dicas de viagem e not\u00edcias da Sixt","potentialAction":[{"@type":"SearchAction","target":{"@type":"EntryPoint","urlTemplate":"https:\/\/www.sixt.com.br\/magazine\/?s={search_term_string}"},"query-input":{"@type":"PropertyValueSpecification","valueRequired":true,"valueName":"search_term_string"}}],"inLanguage":"en-US"},{"@type":"Person","@id":"","url":"https:\/\/www.sixt.com.br\/magazine\/author\/"}]}},"_links":{"self":[{"href":"https:\/\/www.sixt.com.br\/magazine\/wp-json\/wp\/v2\/posts\/978","targetHints":{"allow":["GET"]}}],"collection":[{"href":"https:\/\/www.sixt.com.br\/magazine\/wp-json\/wp\/v2\/posts"}],"about":[{"href":"https:\/\/www.sixt.com.br\/magazine\/wp-json\/wp\/v2\/types\/post"}],"author":[{"embeddable":true,"href":"https:\/\/www.sixt.com.br\/magazine\/wp-json\/wp\/v2\/users\/45"}],"replies":[{"embeddable":true,"href":"https:\/\/www.sixt.com.br\/magazine\/wp-json\/wp\/v2\/comments?post=978"}],"version-history":[{"count":0,"href":"https:\/\/www.sixt.com.br\/magazine\/wp-json\/wp\/v2\/posts\/978\/revisions"}],"wp:featuredmedia":[{"embeddable":true,"href":"https:\/\/www.sixt.com.br\/magazine\/wp-json\/wp\/v2\/media\/983"}],"wp:attachment":[{"href":"https:\/\/www.sixt.com.br\/magazine\/wp-json\/wp\/v2\/media?parent=978"}],"wp:term":[{"taxonomy":"category","embeddable":true,"href":"https:\/\/www.sixt.com.br\/magazine\/wp-json\/wp\/v2\/categories?post=978"},{"taxonomy":"post_tag","embeddable":true,"href":"https:\/\/www.sixt.com.br\/magazine\/wp-json\/wp\/v2\/tags?post=978"}],"curies":[{"name":"wp","href":"https:\/\/api.w.org\/{rel}","templated":true}]}}