{"id":876,"date":"2020-08-14T10:12:34","date_gmt":"2020-08-14T10:12:34","guid":{"rendered":"https:\/\/br.sx-magazine-wp.sixt.io\/magazine\/?p=876"},"modified":"2020-08-14T10:29:04","modified_gmt":"2020-08-14T10:29:04","slug":"5-praias-menos-movimentadas-europa","status":"publish","type":"post","link":"https:\/\/www.sixt.com.br\/magazine\/noticias\/5-praias-menos-movimentadas-europa\/","title":{"rendered":"TOP 5 PRAIAS MENOS MOVIMENTADAS PARA CURTIR O VER\u00c3O EUROPEU"},"content":{"rendered":"\n<p>A Europa reserva muitas surpresas, al\u00e9m de suas cidades hist\u00f3ricas, o continente tamb\u00e9m oferece praias paradis\u00edacas e destinos de natureza incr\u00edveis. Para fugir dos destinos lotados de turistas, montamos uma lista das 5 melhores destinos de praias na Europa, para voc\u00ea curtir suas f\u00e9rias sem preocupa\u00e7\u00f5es e sem muitos turistas.<\/p>\n\n\n\n<h3 class=\"wp-block-heading\">1. Gjipe, Alb\u00e2nia&nbsp;<\/h3>\n\n\n\n<figure class=\"wp-block-embed-youtube wp-block-embed is-type-video is-provider-youtube wp-embed-aspect-16-9 wp-has-aspect-ratio\"><div class=\"wp-block-embed__wrapper\">\n<iframe title=\"Gjipe Beach - Albanian Riviera\" width=\"500\" height=\"281\" data-src=\"https:\/\/www.youtube.com\/embed\/PAoWcG7MDNo?feature=oembed\" frameborder=\"0\" allow=\"accelerometer; autoplay; clipboard-write; encrypted-media; gyroscope; picture-in-picture; web-share\" referrerpolicy=\"strict-origin-when-cross-origin\" allowfullscreen src=\"data:image\/svg+xml;base64,PHN2ZyB3aWR0aD0iMSIgaGVpZ2h0PSIxIiB4bWxucz0iaHR0cDovL3d3dy53My5vcmcvMjAwMC9zdmciPjwvc3ZnPg==\" class=\"lazyload\" data-load-mode=\"1\"><\/iframe>\n<\/div><\/figure>\n\n\n\n<p>Banhada pelo mar j\u00f4nico, Gjipe \u00e9 considerada a joia da riviera albanesa. A praia abriga majestosamente \u00e1guas azuis com areia branca, localizada ao final de um c\u00e2nion. Seu acesso n\u00e3o \u00e9 considerado conveniente, um dos motivos de ser um lugar t\u00e3o especial, onde o desenvolvimento urbano ainda n\u00e3o chegou. Do estacionamento at\u00e9 a praia \u00e9 preciso caminhar por cerca de 30 minutos ao longo da costa, com vista deslumbrante. Mas as sombrinhas chegaram l\u00e1, ent\u00e3o n\u00e3o se preocupe, haver\u00e1 menos op\u00e7\u00f5es de bares e restaurantes, mas ainda h\u00e1 um estabelecimento oferecendo algumas facilidades como drinks refrescantes, cadeiras, espregui\u00e7adeiras e sombreiros, mas somente no alto ver\u00e3o!<\/p>\n\n\n\n<h3 class=\"wp-block-heading\">2. Nugal &#8211; Makarska, Cro\u00e1cia<\/h3>\n\n\n\n<figure class=\"wp-block-image size-large\"><img decoding=\"async\" width=\"640\" height=\"480\" data-src=\"https:\/\/br.sx-magazine-wp.sixt.io\/magazine\/wp-content\/uploads\/sites\/15\/2020\/08\/Praia-de-Nugal-Croacia.jpg\" alt=\"\" class=\"wp-image-881 lazyload\" data-srcset=\"https:\/\/www.sixt.com.br\/magazine\/wp-content\/uploads\/\/sites\/15\/2020\/08\/Praia-de-Nugal-Croacia.jpg 640w, https:\/\/www.sixt.com.br\/magazine\/wp-content\/uploads\/\/sites\/15\/2020\/08\/Praia-de-Nugal-Croacia-300x225.jpg 300w\" data-sizes=\"(max-width: 640px) 100vw, 640px\" src=\"data:image\/svg+xml;base64,PHN2ZyB3aWR0aD0iMSIgaGVpZ2h0PSIxIiB4bWxucz0iaHR0cDovL3d3dy53My5vcmcvMjAwMC9zdmciPjwvc3ZnPg==\" style=\"--smush-placeholder-width: 640px; --smush-placeholder-aspect-ratio: 640\/480;\" \/><\/figure>\n\n\n\n<p>A maravilhosa Praia do Nugal fica situada sob fal\u00e9sias \u00edngremes, parte do parque natural Osejava, perto de Makarska. A praia \u00e9 acess\u00edvel atrav\u00e9s de uma caminhada de 40 minutos, floresta adentro. O passeio \u00e9 lindo e vale a pena, al\u00e9m de ser sempre feito \u00e0 sombra das \u00e1rvores. Suas \u00e1guas cristalinas sobre as pedras do mar adri\u00e1tico s\u00e3o memor\u00e1veis, al\u00e9m de um clima de total relaxamento, uma vez que poucas pessoas frequentam a praia. N\u00e3o h\u00e1 restaurantes nem outras depend\u00eancias, por isso \u00e9 importante levar o que for consumir e precisar. <\/p>\n\n\n\n<h3 class=\"wp-block-heading\">3. Monolithi &#8211; Preveza, Gr\u00e9cia<\/h3>\n\n\n\n<figure class=\"wp-block-image size-large\"><img decoding=\"async\" width=\"640\" height=\"480\" data-src=\"https:\/\/br.sx-magazine-wp.sixt.io\/magazine\/wp-content\/uploads\/sites\/15\/2020\/08\/Monolithi-Preveza-Grecia-Praia-.jpg\" alt=\"\" class=\"wp-image-884 lazyload\" data-srcset=\"https:\/\/www.sixt.com.br\/magazine\/wp-content\/uploads\/\/sites\/15\/2020\/08\/Monolithi-Preveza-Grecia-Praia-.jpg 640w, https:\/\/www.sixt.com.br\/magazine\/wp-content\/uploads\/\/sites\/15\/2020\/08\/Monolithi-Preveza-Grecia-Praia--300x225.jpg 300w\" data-sizes=\"(max-width: 640px) 100vw, 640px\" src=\"data:image\/svg+xml;base64,PHN2ZyB3aWR0aD0iMSIgaGVpZ2h0PSIxIiB4bWxucz0iaHR0cDovL3d3dy53My5vcmcvMjAwMC9zdmciPjwvc3ZnPg==\" style=\"--smush-placeholder-width: 640px; --smush-placeholder-aspect-ratio: 640\/480;\" \/><\/figure>\n\n\n\n<p>Com 22 km de  praia banhada pelo bel\u00edssimo mar j\u00f4nico, em Monolithi voc\u00ea n\u00e3o ter\u00e1 que se esfor\u00e7ar para conseguir um lugar agrad\u00e1vel e passar dias relaxantes ao sol. Esta \u00e9 a praia mais longa da Europa, situada em Preveza,  em Epirus, a cerca de 360 km da capital Atenas. Cheia de charme, preservada dos grandes resorts, os&nbsp;alojamentos tur\u00edsticos s\u00e3o simples, como hot\u00e9is de fam\u00edlia, casas, tudo bem local.&nbsp;H\u00e1 toda infraestrutura, e at\u00e9 mesmo em alta temporada, voc\u00ea ainda teria dezenas de metros quadrados s\u00f3 para voc\u00ea em uma das belas praias da Gr\u00e9cia.<\/p>\n\n\n\n<h3 class=\"wp-block-heading\">4. GHAJN TUFFIEHA, MALTA<\/h3>\n\n\n\n<figure class=\"wp-block-image size-large\"><img decoding=\"async\" width=\"640\" height=\"406\" data-src=\"https:\/\/br.sx-magazine-wp.sixt.io\/magazine\/wp-content\/uploads\/sites\/15\/2020\/08\/G\u0127ajn-Tuffie\u0127a.jpg\" alt=\"\" class=\"wp-image-885 lazyload\" data-srcset=\"https:\/\/www.sixt.com.br\/magazine\/wp-content\/uploads\/\/sites\/15\/2020\/08\/G\u0127ajn-Tuffie\u0127a.jpg 640w, https:\/\/www.sixt.com.br\/magazine\/wp-content\/uploads\/\/sites\/15\/2020\/08\/G\u0127ajn-Tuffie\u0127a-300x190.jpg 300w\" data-sizes=\"(max-width: 640px) 100vw, 640px\" src=\"data:image\/svg+xml;base64,PHN2ZyB3aWR0aD0iMSIgaGVpZ2h0PSIxIiB4bWxucz0iaHR0cDovL3d3dy53My5vcmcvMjAwMC9zdmciPjwvc3ZnPg==\" style=\"--smush-placeholder-width: 640px; --smush-placeholder-aspect-ratio: 640\/406;\" \/><\/figure>\n\n\n\n<p>Banhada pelas \u00e1guas claras do Mar Mediterr\u00e2neo, a praia de Ghajn \u00e9 uma das praias menos visitadas por turistas. Localizada na parte noroeste de Malta, essa bela enseada fica pr\u00f3xima a uma pequena vila chamada Manikata. Aqui voc\u00ea ir\u00e1 encontrar comodidades necess\u00e1rias para desfrutar o seu dia, como espregui\u00e7adeiras, guarda-sol e uma lanchonete. Seu acesso \u00e9 tranquilo, por carro, e possui um dos mais belos p\u00f4r do sol de Malta!<\/p>\n\n\n\n<h3 class=\"wp-block-heading\">5. \u0130\u00e7meler &#8211; Marmaris, Turquia <\/h3>\n\n\n\n<figure class=\"wp-block-image size-large\"><img decoding=\"async\" width=\"640\" height=\"480\" data-src=\"https:\/\/br.sx-magazine-wp.sixt.io\/magazine\/wp-content\/uploads\/sites\/15\/2020\/08\/ahmet-ozer-_7kbrlMKfzo-unsplash.jpg\" alt=\"\" class=\"wp-image-882 lazyload\" data-srcset=\"https:\/\/www.sixt.com.br\/magazine\/wp-content\/uploads\/\/sites\/15\/2020\/08\/ahmet-ozer-_7kbrlMKfzo-unsplash.jpg 640w, https:\/\/www.sixt.com.br\/magazine\/wp-content\/uploads\/\/sites\/15\/2020\/08\/ahmet-ozer-_7kbrlMKfzo-unsplash-300x225.jpg 300w\" data-sizes=\"(max-width: 640px) 100vw, 640px\" src=\"data:image\/svg+xml;base64,PHN2ZyB3aWR0aD0iMSIgaGVpZ2h0PSIxIiB4bWxucz0iaHR0cDovL3d3dy53My5vcmcvMjAwMC9zdmciPjwvc3ZnPg==\" style=\"--smush-placeholder-width: 640px; --smush-placeholder-aspect-ratio: 640\/480;\" \/><\/figure>\n\n\n\n<p>Outro \u00f3timo lugar para relaxar e fugir das multid\u00f5es de turistas, \u00e9 a praia Icmeler. Aqui n\u00e3o h\u00e1 bares, nem casas noturnas barulhentas. Localizada a cinco quil\u00f4metros de Marmaris, na pen\u00ednsula Datcha. Voc\u00ea pode ir \u00e0s ilhas se quiser mudar de cen\u00e1rio e experimentar alguns caf\u00e9s diferentes, todos com menus cheios de peixe fresco. \u00c9 poss\u00edvel tamb\u00e9m aproveitar para fazer caminhadas nas montanhas e desfrutar da bel\u00edssima vista da praia. <\/p>\n<!-- AddThis Advanced Settings generic via filter on the_content --><!-- AddThis Share Buttons generic via filter on the_content -->","protected":false},"excerpt":{"rendered":"<p>A Europa reserva muitas surpresas, al\u00e9m de suas cidades hist\u00f3ricas, o continente tamb\u00e9m oferece praias paradis\u00edacas e destinos de natureza incr\u00edveis. Para fugir dos destinos lotados de turistas, montamos uma lista das 5 melhores destinos de praias na Europa, para voc\u00ea curtir suas f\u00e9rias sem preocupa\u00e7\u00f5es e sem muitos turistas. 1. Gjipe, Alb\u00e2nia&nbsp; Banhada pelo&#8230;<!-- AddThis Advanced Settings generic via filter on get_the_excerpt --><!-- AddThis Share Buttons generic via filter on get_the_excerpt --><\/p>\n","protected":false},"author":45,"featured_media":897,"comment_status":"open","ping_status":"open","sticky":false,"template":"","format":"standard","meta":{"_genesis_hide_title":false,"_genesis_hide_breadcrumbs":false,"_genesis_hide_singular_image":false,"_genesis_hide_footer_widgets":false,"_genesis_custom_body_class":"","_genesis_custom_post_class":"","_genesis_layout":"","ngg_post_thumbnail":0,"footnotes":""},"categories":[4,3],"tags":[],"class_list":{"0":"post-876","1":"post","2":"type-post","3":"status-publish","4":"format-standard","5":"has-post-thumbnail","7":"category-guias","8":"category-noticias","9":"entry"},"yoast_head":"<!-- This site is optimized with the Yoast SEO plugin v27.1.1 - https:\/\/yoast.com\/product\/yoast-seo-wordpress\/ -->\n<title>TOP 5 PRAIAS MENOS MOVIMENTADAS PARA CURTIR O VER\u00c3O EUROPEU - Sixt Magazine<\/title>\n<meta name=\"description\" content=\"Fuja das multid\u00f5es de turistas e aproveite nossas dicas das mais belas e menos movimentadas praias da europa. Aproveite o ver\u00e3o europeu!\" \/>\n<meta name=\"robots\" content=\"index, follow, max-snippet:-1, max-image-preview:large, max-video-preview:-1\" \/>\n<link rel=\"canonical\" href=\"https:\/\/www.sixt.com.br\/magazine\/noticias\/5-praias-menos-movimentadas-europa\/\" \/>\n<meta property=\"og:locale\" content=\"en_US\" \/>\n<meta property=\"og:type\" content=\"article\" \/>\n<meta property=\"og:title\" content=\"TOP 5 PRAIAS MENOS MOVIMENTADAS PARA CURTIR O VER\u00c3O EUROPEU - Sixt Magazine\" \/>\n<meta property=\"og:description\" content=\"Fuja das multid\u00f5es de turistas e aproveite nossas dicas das mais belas e menos movimentadas praias da europa. Aproveite o ver\u00e3o europeu!\" \/>\n<meta property=\"og:url\" content=\"https:\/\/www.sixt.com.br\/magazine\/noticias\/5-praias-menos-movimentadas-europa\/\" \/>\n<meta property=\"og:site_name\" content=\"Sixt Brasil Magazine\" \/>\n<meta property=\"article:published_time\" content=\"2020-08-14T10:12:34+00:00\" \/>\n<meta property=\"article:modified_time\" content=\"2020-08-14T10:29:04+00:00\" \/>\n<meta property=\"og:image\" content=\"https:\/\/www.sixt.com.br\/magazine\/wp-content\/uploads\/\/sites\/15\/2020\/08\/david-boca-NIDyzN3mJpk-unsplash.jpg\" \/>\n\t<meta property=\"og:image:width\" content=\"640\" \/>\n\t<meta property=\"og:image:height\" content=\"513\" \/>\n\t<meta property=\"og:image:type\" content=\"image\/jpeg\" \/>\n<meta name=\"twitter:card\" content=\"summary_large_image\" \/>\n<meta name=\"twitter:label1\" content=\"Written by\" \/>\n\t<meta name=\"twitter:data1\" content=\"\" \/>\n\t<meta name=\"twitter:label2\" content=\"Est. reading time\" \/>\n\t<meta name=\"twitter:data2\" content=\"3 minutes\" \/>\n<!-- \/ Yoast SEO plugin. -->","yoast_head_json":{"title":"TOP 5 PRAIAS MENOS MOVIMENTADAS PARA CURTIR O VER\u00c3O EUROPEU - Sixt Magazine","description":"Fuja das multid\u00f5es de turistas e aproveite nossas dicas das mais belas e menos movimentadas praias da europa. Aproveite o ver\u00e3o europeu!","robots":{"index":"index","follow":"follow","max-snippet":"max-snippet:-1","max-image-preview":"max-image-preview:large","max-video-preview":"max-video-preview:-1"},"canonical":"https:\/\/www.sixt.com.br\/magazine\/noticias\/5-praias-menos-movimentadas-europa\/","og_locale":"en_US","og_type":"article","og_title":"TOP 5 PRAIAS MENOS MOVIMENTADAS PARA CURTIR O VER\u00c3O EUROPEU - Sixt Magazine","og_description":"Fuja das multid\u00f5es de turistas e aproveite nossas dicas das mais belas e menos movimentadas praias da europa. Aproveite o ver\u00e3o europeu!","og_url":"https:\/\/www.sixt.com.br\/magazine\/noticias\/5-praias-menos-movimentadas-europa\/","og_site_name":"Sixt Brasil Magazine","article_published_time":"2020-08-14T10:12:34+00:00","article_modified_time":"2020-08-14T10:29:04+00:00","og_image":[{"width":640,"height":513,"url":"https:\/\/www.sixt.com.br\/magazine\/wp-content\/uploads\/\/sites\/15\/2020\/08\/david-boca-NIDyzN3mJpk-unsplash.jpg","type":"image\/jpeg"}],"twitter_card":"summary_large_image","twitter_misc":{"Written by":"","Est. reading time":"3 minutes"},"schema":{"@context":"https:\/\/schema.org","@graph":[{"@type":"Article","@id":"https:\/\/www.sixt.com.br\/magazine\/noticias\/5-praias-menos-movimentadas-europa\/#article","isPartOf":{"@id":"https:\/\/www.sixt.com.br\/magazine\/noticias\/5-praias-menos-movimentadas-europa\/"},"author":{"name":"","@id":""},"headline":"TOP 5 PRAIAS MENOS MOVIMENTADAS PARA CURTIR O VER\u00c3O EUROPEU","datePublished":"2020-08-14T10:12:34+00:00","dateModified":"2020-08-14T10:29:04+00:00","mainEntityOfPage":{"@id":"https:\/\/www.sixt.com.br\/magazine\/noticias\/5-praias-menos-movimentadas-europa\/"},"wordCount":557,"commentCount":0,"image":{"@id":"https:\/\/www.sixt.com.br\/magazine\/noticias\/5-praias-menos-movimentadas-europa\/#primaryimage"},"thumbnailUrl":"https:\/\/www.sixt.com.br\/magazine\/wp-content\/uploads\/\/sites\/15\/2020\/08\/david-boca-NIDyzN3mJpk-unsplash.jpg","articleSection":["Guias e dicas","Not\u00edcias"],"inLanguage":"en-US","potentialAction":[{"@type":"CommentAction","name":"Comment","target":["https:\/\/www.sixt.com.br\/magazine\/noticias\/5-praias-menos-movimentadas-europa\/#respond"]}]},{"@type":"WebPage","@id":"https:\/\/www.sixt.com.br\/magazine\/noticias\/5-praias-menos-movimentadas-europa\/","url":"https:\/\/www.sixt.com.br\/magazine\/noticias\/5-praias-menos-movimentadas-europa\/","name":"TOP 5 PRAIAS MENOS MOVIMENTADAS PARA CURTIR O VER\u00c3O EUROPEU - Sixt Magazine","isPartOf":{"@id":"https:\/\/www.sixt.com.br\/magazine\/#website"},"primaryImageOfPage":{"@id":"https:\/\/www.sixt.com.br\/magazine\/noticias\/5-praias-menos-movimentadas-europa\/#primaryimage"},"image":{"@id":"https:\/\/www.sixt.com.br\/magazine\/noticias\/5-praias-menos-movimentadas-europa\/#primaryimage"},"thumbnailUrl":"https:\/\/www.sixt.com.br\/magazine\/wp-content\/uploads\/\/sites\/15\/2020\/08\/david-boca-NIDyzN3mJpk-unsplash.jpg","datePublished":"2020-08-14T10:12:34+00:00","dateModified":"2020-08-14T10:29:04+00:00","author":{"@id":""},"description":"Fuja das multid\u00f5es de turistas e aproveite nossas dicas das mais belas e menos movimentadas praias da europa. Aproveite o ver\u00e3o europeu!","breadcrumb":{"@id":"https:\/\/www.sixt.com.br\/magazine\/noticias\/5-praias-menos-movimentadas-europa\/#breadcrumb"},"inLanguage":"en-US","potentialAction":[{"@type":"ReadAction","target":["https:\/\/www.sixt.com.br\/magazine\/noticias\/5-praias-menos-movimentadas-europa\/"]}]},{"@type":"ImageObject","inLanguage":"en-US","@id":"https:\/\/www.sixt.com.br\/magazine\/noticias\/5-praias-menos-movimentadas-europa\/#primaryimage","url":"https:\/\/www.sixt.com.br\/magazine\/wp-content\/uploads\/\/sites\/15\/2020\/08\/david-boca-NIDyzN3mJpk-unsplash.jpg","contentUrl":"https:\/\/www.sixt.com.br\/magazine\/wp-content\/uploads\/\/sites\/15\/2020\/08\/david-boca-NIDyzN3mJpk-unsplash.jpg","width":640,"height":513},{"@type":"BreadcrumbList","@id":"https:\/\/www.sixt.com.br\/magazine\/noticias\/5-praias-menos-movimentadas-europa\/#breadcrumb","itemListElement":[{"@type":"ListItem","position":1,"name":"Home","item":"https:\/\/www.sixt.com.br\/magazine\/"},{"@type":"ListItem","position":2,"name":"TOP 5 PRAIAS MENOS MOVIMENTADAS PARA CURTIR O VER\u00c3O EUROPEU"}]},{"@type":"WebSite","@id":"https:\/\/www.sixt.com.br\/magazine\/#website","url":"https:\/\/www.sixt.com.br\/magazine\/","name":"Sixt Brasil Magazine","description":"Dicas de viagem e not\u00edcias da Sixt","potentialAction":[{"@type":"SearchAction","target":{"@type":"EntryPoint","urlTemplate":"https:\/\/www.sixt.com.br\/magazine\/?s={search_term_string}"},"query-input":{"@type":"PropertyValueSpecification","valueRequired":true,"valueName":"search_term_string"}}],"inLanguage":"en-US"},{"@type":"Person","@id":"","url":"https:\/\/www.sixt.com.br\/magazine\/author\/"}]}},"_links":{"self":[{"href":"https:\/\/www.sixt.com.br\/magazine\/wp-json\/wp\/v2\/posts\/876","targetHints":{"allow":["GET"]}}],"collection":[{"href":"https:\/\/www.sixt.com.br\/magazine\/wp-json\/wp\/v2\/posts"}],"about":[{"href":"https:\/\/www.sixt.com.br\/magazine\/wp-json\/wp\/v2\/types\/post"}],"author":[{"embeddable":true,"href":"https:\/\/www.sixt.com.br\/magazine\/wp-json\/wp\/v2\/users\/45"}],"replies":[{"embeddable":true,"href":"https:\/\/www.sixt.com.br\/magazine\/wp-json\/wp\/v2\/comments?post=876"}],"version-history":[{"count":0,"href":"https:\/\/www.sixt.com.br\/magazine\/wp-json\/wp\/v2\/posts\/876\/revisions"}],"wp:featuredmedia":[{"embeddable":true,"href":"https:\/\/www.sixt.com.br\/magazine\/wp-json\/wp\/v2\/media\/897"}],"wp:attachment":[{"href":"https:\/\/www.sixt.com.br\/magazine\/wp-json\/wp\/v2\/media?parent=876"}],"wp:term":[{"taxonomy":"category","embeddable":true,"href":"https:\/\/www.sixt.com.br\/magazine\/wp-json\/wp\/v2\/categories?post=876"},{"taxonomy":"post_tag","embeddable":true,"href":"https:\/\/www.sixt.com.br\/magazine\/wp-json\/wp\/v2\/tags?post=876"}],"curies":[{"name":"wp","href":"https:\/\/api.w.org\/{rel}","templated":true}]}}