{"id":671,"date":"2019-11-14T14:42:54","date_gmt":"2019-11-14T14:42:54","guid":{"rendered":"\/magazine\/?p=671"},"modified":"2019-11-14T14:46:00","modified_gmt":"2019-11-14T14:46:00","slug":"carros-eletricos-pros-e-contras","status":"publish","type":"post","link":"https:\/\/www.sixt.com.br\/magazine\/noticias\/carros-eletricos-pros-e-contras\/","title":{"rendered":"CARROS EL\u00c9TRICOS: PR\u00d3S E CONTRAS"},"content":{"rendered":"\n<p>\u00c0 medida que os carros el\u00e9tricos crescem em popularidade, muita gente pode estar se perguntando quais s\u00e3o as vantagens e desvantagens de dirigir um el\u00e9trico. Existem alguns pr\u00f3s e contras sobre os carros el\u00e9tricos que voc\u00ea deve conhecer.\u00a0Saiba tamb\u00e9m as principais diferen\u00e7as entre carros el\u00e9tricos e carros movidos a combust\u00edveis! Vamos listar aqui algumas informa\u00e7\u00f5es para ajud\u00e1-lo a fazer uma compara\u00e7\u00e3o de carros el\u00e9tricos antes de decidir <a rel=\"noreferrer noopener\" aria-label=\"alugar  (opens in a new tab)\" href=\"https:\/\/www.sixt.com.br\/\" target=\"_blank\">alugar<\/a> ou comprar um.\u00a0<\/p>\n\n\n\n<h3 class=\"wp-block-heading\">VANTAGENS DE UM CARRO EL\u00c9TRICO<\/h3>\n\n\n\n<p>Se voc\u00ea ainda n\u00e3o dirigiu um carro el\u00e9trico, n\u00e3o perca mais tempo, v\u00e1 logo fazer um test drive! Ser\u00e1 um passeio divertido e silencioso, os el\u00e9tricos possuem um r\u00e1pido arranque &#8211; quase que impercept\u00edvel -, e esta \u00e9 uma de suas caracter\u00edsticas mais marcantes. H\u00e1 in\u00fameros benef\u00edcios de dirigir um el\u00e9trico, na Espanha, por exemplo s\u00f3 \u00e9 permitido trafegar carros el\u00e9tricos ou com baixas emiss\u00f5es de gases nas principais regi\u00f5es dos centros das grandes cidades do pa\u00eds.\u00a0<\/p>\n\n\n\n<ul class=\"wp-block-list\"><li><strong>Efici\u00eancia:<\/strong>\u00a0voc\u00ea n\u00e3o ir\u00e1 mais precisar pagar ou abastecer o carro, com isso ir\u00e1 economizar muito tempo e dinheiro.\u00a0Al\u00e9m disso, voc\u00ea desfruta de uma viagem tranquila que reduz a polui\u00e7\u00e3o sonora, tornando o carro el\u00e9trico uma escolha eficiente.<\/li><li><strong>Custo:<\/strong>\u00a0o custo de conectar e\u00a0carregar um carro el\u00e9trico\u00a0\u00e9 muito mais barato do que colocar gasolina ou outros combust\u00edveis dispon\u00edveis no mercado.\u00a0Al\u00e9m disso, muitos pa\u00edses oferecem incentivos fiscais ou outros incentivos se voc\u00ea comprar um EV.<\/li><li><strong>Emiss\u00f5es:<\/strong>\u00a0voc\u00ea n\u00e3o pode superar zero emiss\u00f5es de escape, mas pode ajudar a manter o ar mais limpo e a popula\u00e7\u00e3o mais saud\u00e1vel \u200b\u200bdirigindo um carro el\u00e9trico.<\/li><li><strong>Manuten\u00e7\u00e3o:<\/strong> os\u00a0carros el\u00e9tricos movidos exclusivamente a bateria t\u00eam menos pe\u00e7as m\u00f3veis e, portanto, s\u00e3o mais f\u00e1ceis de fazer sua manuten\u00e7\u00e3o.\u00a0Mesmo carros el\u00e9tricos com plug-in com motor a gasolina t\u00eam custos de manuten\u00e7\u00e3o mais baixos, porque usam a bateria quando poss\u00edvel.<\/li><li><strong>Seguran\u00e7a:\u00a0<\/strong>Alguns carros el\u00e9tricos s\u00e3o considerados mais seguros do que ve\u00edculos movidos a gasolina e outros combust\u00edveis.\u00a0Isso se deve ao menor centro de gravidade, o que torna o carro menos propenso a capotar, e as diferentes partes usadas para fabricar o ve\u00edculo &#8211; com menos riscos de inc\u00eandio.<\/li><\/ul>\n\n\n\n<figure class=\"wp-block-image\"><img decoding=\"async\" width=\"869\" height=\"729\" data-src=\"https:\/\/br.sx-magazine-wp.sixt.io\/magazine\/wp-content\/uploads\/sites\/15\/2019\/11\/jaguar_i-pace.jpg\" alt=\"\" class=\"wp-image-679 lazyload\" data-srcset=\"https:\/\/www.sixt.com.br\/magazine\/wp-content\/uploads\/\/sites\/15\/2019\/11\/jaguar_i-pace.jpg 869w, https:\/\/www.sixt.com.br\/magazine\/wp-content\/uploads\/\/sites\/15\/2019\/11\/jaguar_i-pace-300x252.jpg 300w, https:\/\/www.sixt.com.br\/magazine\/wp-content\/uploads\/\/sites\/15\/2019\/11\/jaguar_i-pace-768x644.jpg 768w\" data-sizes=\"(max-width: 869px) 100vw, 869px\" src=\"data:image\/svg+xml;base64,PHN2ZyB3aWR0aD0iMSIgaGVpZ2h0PSIxIiB4bWxucz0iaHR0cDovL3d3dy53My5vcmcvMjAwMC9zdmciPjwvc3ZnPg==\" style=\"--smush-placeholder-width: 869px; --smush-placeholder-aspect-ratio: 869\/729;\" \/><figcaption> O el\u00e9trico Jaguar I-Pace . Photo: @_mountain_lover <\/figcaption><\/figure>\n\n\n\n<h3 class=\"wp-block-heading\">DESVANTAGENS DE UM CARRO EL\u00c9TRICO<\/h3>\n\n\n\n<ul class=\"wp-block-list\"><li><strong>Recarga:<\/strong>\u00a0nem todas as cidades ou pa\u00edses t\u00eam amplos pontos de recarga, o que pode ser um problema, se voc\u00ea realmente precisar recarregar de urg\u00eancia.\u00a0Quando voc\u00ea encontra um ponto de recarga, geralmente \u00e9 necess\u00e1rio ter um cart\u00e3o e um aplicativo para a empresa propriet\u00e1ria da esta\u00e7\u00e3o de recarga, para que voc\u00ea possa pagar pelo servi\u00e7o com sua conta banc\u00e1ria ou cart\u00e3o de cr\u00e9dito vinculado.<\/li><li><strong>Alcance de condu\u00e7\u00e3o:\u00a0<\/strong>por quanto tempo e at\u00e9 onde voc\u00ea pode dirigir com uma carga, depende do carro el\u00e9trico que voc\u00ea est\u00e1 dirigindo e com que velocidade.\u00a0Em m\u00e9dia, voc\u00ea ter\u00e1 cerca de 200 km com uma carga completa antes que o carro fique sem bateria, embora alguns modelos possam viajar muito menos.<\/li><li><strong>Tempo para recarregar:<\/strong>\u00a0Um carro el\u00e9trico precisa de um per\u00edodo m\u00ednimo de 4-6 horas para recarregar completamente, o que \u00e9 um aborrecimento se voc\u00ea precisar voltar \u00e0 estrada.\u00a0O carregamento mais r\u00e1pido evoluir\u00e1 \u00e0 medida que a tecnologia melhorar, mas, por enquanto, ser\u00e1 dif\u00edcil fazer uma longa viagem em um EV.<\/li><li><strong>Custo:\u00a0<\/strong>geralmente custa menos do que encher o tanque do carro com gasolina, mas recarregar um ve\u00edculo n\u00e3o \u00e9 gratuito.\u00a0Voc\u00ea recarrega em casa e o custo \u00e9 adicionado \u00e0 sua conta de energia el\u00e9trica, ou h\u00e1 o custo da esta\u00e7\u00e3o de carregamento de carros el\u00e9tricos, seja em casa ou na estrada.<\/li><li><strong>Tamanho:<\/strong>\u00a0antigamente, se voc\u00ea quisesse ter um carro el\u00e9trico, teria que se contentar com um carro de dois lugares.\u00a0Agora, existem alguns modelos maiores de carros totalmente el\u00e9tricos dispon\u00edveis para quatro adultos confortavelmente, mas voc\u00ea ainda n\u00e3o encontrar\u00e1 um SUV movido \u00e0 bateria.<\/li><\/ul>\n\n\n\n<h2 class=\"wp-block-heading\">ALUGANDO UM CARRO EL\u00c9TRICO COM A SIXT<\/h2>\n\n\n\n<p>Agora que voc\u00ea conhece as desvantagens e vantagens dos carros el\u00e9tricos, poder\u00e1 experimentar um.\u00a0A melhor maneira de fazer isso \u00e9 alugar um EV e ver se voc\u00ea gosta.\u00a0Oferecemos\u00a0aluguel de carros ecol\u00f3gicos\u00a0na\u00a0<a rel=\"noreferrer noopener\" aria-label=\"Espanha (opens in a new tab)\" href=\"https:\/\/www.sixt.com.br\/aluguel-de-carro\/espanha\" target=\"_blank\">Espanha<\/a>,\u00a0<a rel=\"noreferrer noopener\" aria-label=\"Fran\u00e7a (opens in a new tab)\" href=\"https:\/\/www.sixt.com.br\/aluguel-de-carro\/franca\" target=\"_blank\">Fran\u00e7a<\/a>,\u00a0<a rel=\"noreferrer noopener\" aria-label=\"Alemanha (opens in a new tab)\" href=\"https:\/\/www.sixt.com.br\/aluguel-de-carro\/alemanha\" target=\"_blank\">Alemanha<\/a>\u00a0e\u00a0<a rel=\"noreferrer noopener\" aria-label=\"Holanda (opens in a new tab)\" href=\"https:\/\/www.sixt.com.br\/aluguel-de-carro\/holanda\" target=\"_blank\">Holanda<\/a>,\u00a0com modelos como o\u00a0<strong>BMW i3<\/strong>\u00a0e\u00a0<strong>i8<\/strong>\u00a0, <strong>Audi<\/strong> <strong>e-tron<\/strong> e <strong>Jaguar I-Pace<\/strong>.\u00a0Na Holanda, oferecemos at\u00e9\u00a0<strong>Teslas<\/strong>.\u00a0E se voc\u00ea estiver em cidades grandes na Alemanha, como\u00a0<a href=\"https:\/\/www.sixt.com.br\/aluguel-de-carro\/alemanha\/berlin\" target=\"_blank\" rel=\"noreferrer noopener\" aria-label=\"Berlim (opens in a new tab)\">Berlim<\/a>,\u00a0<a href=\"https:\/\/www.sixt.com.br\/aluguel-de-carro\/alemanha\/hamburgo\">Hamburgo<\/a>\u00a0e\u00a0<a rel=\"noreferrer noopener\" aria-label=\"Munique (opens in a new tab)\" href=\"https:\/\/www.sixt.com.br\/aluguel-de-carro\/alemanha\/munique\" target=\"_blank\">Munique<\/a>, poder\u00e1 experimentar o <strong>Renault Zoe<\/strong> em nossa frota de carros compartilhados <a rel=\"noreferrer noopener\" aria-label=\"SIXT Share (opens in a new tab)\" href=\"https:\/\/www.sixt.de\/en\/share\/\" target=\"_blank\">SIXT Share<\/a>.<\/p>\n<!-- AddThis Advanced Settings generic via filter on the_content --><!-- AddThis Share Buttons generic via filter on the_content -->","protected":false},"excerpt":{"rendered":"<p>\u00c0 medida que os carros el\u00e9tricos crescem em popularidade, muita gente pode estar se perguntando quais s\u00e3o as vantagens e desvantagens de dirigir um el\u00e9trico. Existem alguns pr\u00f3s e contras sobre os carros el\u00e9tricos que voc\u00ea deve conhecer.\u00a0Saiba tamb\u00e9m as principais diferen\u00e7as entre carros el\u00e9tricos e carros movidos a combust\u00edveis! Vamos listar aqui algumas informa\u00e7\u00f5es&#8230;<!-- AddThis Advanced Settings generic via filter on get_the_excerpt --><!-- AddThis Share Buttons generic via filter on get_the_excerpt --><\/p>\n","protected":false},"author":45,"featured_media":679,"comment_status":"open","ping_status":"open","sticky":false,"template":"","format":"standard","meta":{"_genesis_hide_title":false,"_genesis_hide_breadcrumbs":false,"_genesis_hide_singular_image":false,"_genesis_hide_footer_widgets":false,"_genesis_custom_body_class":"","_genesis_custom_post_class":"","_genesis_layout":"","ngg_post_thumbnail":0,"footnotes":""},"categories":[4,3],"tags":[],"class_list":{"0":"post-671","1":"post","2":"type-post","3":"status-publish","4":"format-standard","5":"has-post-thumbnail","7":"category-guias","8":"category-noticias","9":"entry"},"yoast_head":"<!-- This site is optimized with the Yoast SEO plugin v27.1.1 - https:\/\/yoast.com\/product\/yoast-seo-wordpress\/ -->\n<title>CARROS EL\u00c9TRICOS: PR\u00d3S E CONTRAS - Sixt Magazine<\/title>\n<meta name=\"description\" content=\"Voc\u00ea j\u00e1 dirigiu um carro el\u00e9trico? Pensa em comprar um carro el\u00e9trico? Conhece suas vantagens? Saiba todos os pr\u00f3s e contras dos el\u00e9tricos at\u00e9 agora.\" \/>\n<meta name=\"robots\" content=\"index, follow, max-snippet:-1, max-image-preview:large, max-video-preview:-1\" \/>\n<link rel=\"canonical\" href=\"https:\/\/www.sixt.com.br\/magazine\/noticias\/carros-eletricos-pros-e-contras\/\" \/>\n<meta property=\"og:locale\" content=\"en_US\" \/>\n<meta property=\"og:type\" content=\"article\" \/>\n<meta property=\"og:title\" content=\"CARROS EL\u00c9TRICOS: PR\u00d3S E CONTRAS - Sixt Magazine\" \/>\n<meta property=\"og:description\" content=\"Voc\u00ea j\u00e1 dirigiu um carro el\u00e9trico? Pensa em comprar um carro el\u00e9trico? Conhece suas vantagens? Saiba todos os pr\u00f3s e contras dos el\u00e9tricos at\u00e9 agora.\" \/>\n<meta property=\"og:url\" content=\"https:\/\/www.sixt.com.br\/magazine\/noticias\/carros-eletricos-pros-e-contras\/\" \/>\n<meta property=\"og:site_name\" content=\"Sixt Brasil Magazine\" \/>\n<meta property=\"article:published_time\" content=\"2019-11-14T14:42:54+00:00\" \/>\n<meta property=\"article:modified_time\" content=\"2019-11-14T14:46:00+00:00\" \/>\n<meta property=\"og:image\" content=\"https:\/\/www.sixt.com.br\/magazine\/wp-content\/uploads\/\/sites\/15\/2019\/11\/jaguar_i-pace.jpg\" \/>\n\t<meta property=\"og:image:width\" content=\"869\" \/>\n\t<meta property=\"og:image:height\" content=\"729\" \/>\n\t<meta property=\"og:image:type\" content=\"image\/jpeg\" \/>\n<meta name=\"twitter:card\" content=\"summary_large_image\" \/>\n<meta name=\"twitter:label1\" content=\"Written by\" \/>\n\t<meta name=\"twitter:data1\" content=\"\" \/>\n\t<meta name=\"twitter:label2\" content=\"Est. reading time\" \/>\n\t<meta name=\"twitter:data2\" content=\"4 minutes\" \/>\n<!-- \/ Yoast SEO plugin. -->","yoast_head_json":{"title":"CARROS EL\u00c9TRICOS: PR\u00d3S E CONTRAS - Sixt Magazine","description":"Voc\u00ea j\u00e1 dirigiu um carro el\u00e9trico? Pensa em comprar um carro el\u00e9trico? Conhece suas vantagens? Saiba todos os pr\u00f3s e contras dos el\u00e9tricos at\u00e9 agora.","robots":{"index":"index","follow":"follow","max-snippet":"max-snippet:-1","max-image-preview":"max-image-preview:large","max-video-preview":"max-video-preview:-1"},"canonical":"https:\/\/www.sixt.com.br\/magazine\/noticias\/carros-eletricos-pros-e-contras\/","og_locale":"en_US","og_type":"article","og_title":"CARROS EL\u00c9TRICOS: PR\u00d3S E CONTRAS - Sixt Magazine","og_description":"Voc\u00ea j\u00e1 dirigiu um carro el\u00e9trico? Pensa em comprar um carro el\u00e9trico? Conhece suas vantagens? Saiba todos os pr\u00f3s e contras dos el\u00e9tricos at\u00e9 agora.","og_url":"https:\/\/www.sixt.com.br\/magazine\/noticias\/carros-eletricos-pros-e-contras\/","og_site_name":"Sixt Brasil Magazine","article_published_time":"2019-11-14T14:42:54+00:00","article_modified_time":"2019-11-14T14:46:00+00:00","og_image":[{"width":869,"height":729,"url":"https:\/\/www.sixt.com.br\/magazine\/wp-content\/uploads\/\/sites\/15\/2019\/11\/jaguar_i-pace.jpg","type":"image\/jpeg"}],"twitter_card":"summary_large_image","twitter_misc":{"Written by":"","Est. reading time":"4 minutes"},"schema":{"@context":"https:\/\/schema.org","@graph":[{"@type":"Article","@id":"https:\/\/www.sixt.com.br\/magazine\/noticias\/carros-eletricos-pros-e-contras\/#article","isPartOf":{"@id":"https:\/\/www.sixt.com.br\/magazine\/noticias\/carros-eletricos-pros-e-contras\/"},"author":{"name":"","@id":""},"headline":"CARROS EL\u00c9TRICOS: PR\u00d3S E CONTRAS","datePublished":"2019-11-14T14:42:54+00:00","dateModified":"2019-11-14T14:46:00+00:00","mainEntityOfPage":{"@id":"https:\/\/www.sixt.com.br\/magazine\/noticias\/carros-eletricos-pros-e-contras\/"},"wordCount":808,"commentCount":0,"image":{"@id":"https:\/\/www.sixt.com.br\/magazine\/noticias\/carros-eletricos-pros-e-contras\/#primaryimage"},"thumbnailUrl":"https:\/\/www.sixt.com.br\/magazine\/wp-content\/uploads\/\/sites\/15\/2019\/11\/jaguar_i-pace.jpg","articleSection":["Guias e dicas","Not\u00edcias"],"inLanguage":"en-US","potentialAction":[{"@type":"CommentAction","name":"Comment","target":["https:\/\/www.sixt.com.br\/magazine\/noticias\/carros-eletricos-pros-e-contras\/#respond"]}]},{"@type":"WebPage","@id":"https:\/\/www.sixt.com.br\/magazine\/noticias\/carros-eletricos-pros-e-contras\/","url":"https:\/\/www.sixt.com.br\/magazine\/noticias\/carros-eletricos-pros-e-contras\/","name":"CARROS EL\u00c9TRICOS: PR\u00d3S E CONTRAS - Sixt Magazine","isPartOf":{"@id":"https:\/\/www.sixt.com.br\/magazine\/#website"},"primaryImageOfPage":{"@id":"https:\/\/www.sixt.com.br\/magazine\/noticias\/carros-eletricos-pros-e-contras\/#primaryimage"},"image":{"@id":"https:\/\/www.sixt.com.br\/magazine\/noticias\/carros-eletricos-pros-e-contras\/#primaryimage"},"thumbnailUrl":"https:\/\/www.sixt.com.br\/magazine\/wp-content\/uploads\/\/sites\/15\/2019\/11\/jaguar_i-pace.jpg","datePublished":"2019-11-14T14:42:54+00:00","dateModified":"2019-11-14T14:46:00+00:00","author":{"@id":""},"description":"Voc\u00ea j\u00e1 dirigiu um carro el\u00e9trico? Pensa em comprar um carro el\u00e9trico? Conhece suas vantagens? Saiba todos os pr\u00f3s e contras dos el\u00e9tricos at\u00e9 agora.","breadcrumb":{"@id":"https:\/\/www.sixt.com.br\/magazine\/noticias\/carros-eletricos-pros-e-contras\/#breadcrumb"},"inLanguage":"en-US","potentialAction":[{"@type":"ReadAction","target":["https:\/\/www.sixt.com.br\/magazine\/noticias\/carros-eletricos-pros-e-contras\/"]}]},{"@type":"ImageObject","inLanguage":"en-US","@id":"https:\/\/www.sixt.com.br\/magazine\/noticias\/carros-eletricos-pros-e-contras\/#primaryimage","url":"https:\/\/www.sixt.com.br\/magazine\/wp-content\/uploads\/\/sites\/15\/2019\/11\/jaguar_i-pace.jpg","contentUrl":"https:\/\/www.sixt.com.br\/magazine\/wp-content\/uploads\/\/sites\/15\/2019\/11\/jaguar_i-pace.jpg","width":869,"height":729},{"@type":"BreadcrumbList","@id":"https:\/\/www.sixt.com.br\/magazine\/noticias\/carros-eletricos-pros-e-contras\/#breadcrumb","itemListElement":[{"@type":"ListItem","position":1,"name":"Home","item":"https:\/\/www.sixt.com.br\/magazine\/"},{"@type":"ListItem","position":2,"name":"CARROS EL\u00c9TRICOS: PR\u00d3S E CONTRAS"}]},{"@type":"WebSite","@id":"https:\/\/www.sixt.com.br\/magazine\/#website","url":"https:\/\/www.sixt.com.br\/magazine\/","name":"Sixt Brasil Magazine","description":"Dicas de viagem e not\u00edcias da Sixt","potentialAction":[{"@type":"SearchAction","target":{"@type":"EntryPoint","urlTemplate":"https:\/\/www.sixt.com.br\/magazine\/?s={search_term_string}"},"query-input":{"@type":"PropertyValueSpecification","valueRequired":true,"valueName":"search_term_string"}}],"inLanguage":"en-US"},{"@type":"Person","@id":"","url":"https:\/\/www.sixt.com.br\/magazine\/author\/"}]}},"_links":{"self":[{"href":"https:\/\/www.sixt.com.br\/magazine\/wp-json\/wp\/v2\/posts\/671","targetHints":{"allow":["GET"]}}],"collection":[{"href":"https:\/\/www.sixt.com.br\/magazine\/wp-json\/wp\/v2\/posts"}],"about":[{"href":"https:\/\/www.sixt.com.br\/magazine\/wp-json\/wp\/v2\/types\/post"}],"author":[{"embeddable":true,"href":"https:\/\/www.sixt.com.br\/magazine\/wp-json\/wp\/v2\/users\/45"}],"replies":[{"embeddable":true,"href":"https:\/\/www.sixt.com.br\/magazine\/wp-json\/wp\/v2\/comments?post=671"}],"version-history":[{"count":0,"href":"https:\/\/www.sixt.com.br\/magazine\/wp-json\/wp\/v2\/posts\/671\/revisions"}],"wp:featuredmedia":[{"embeddable":true,"href":"https:\/\/www.sixt.com.br\/magazine\/wp-json\/wp\/v2\/media\/679"}],"wp:attachment":[{"href":"https:\/\/www.sixt.com.br\/magazine\/wp-json\/wp\/v2\/media?parent=671"}],"wp:term":[{"taxonomy":"category","embeddable":true,"href":"https:\/\/www.sixt.com.br\/magazine\/wp-json\/wp\/v2\/categories?post=671"},{"taxonomy":"post_tag","embeddable":true,"href":"https:\/\/www.sixt.com.br\/magazine\/wp-json\/wp\/v2\/tags?post=671"}],"curies":[{"name":"wp","href":"https:\/\/api.w.org\/{rel}","templated":true}]}}