{"id":534,"date":"2019-08-21T13:12:48","date_gmt":"2019-08-21T13:12:48","guid":{"rendered":"\/magazine\/?p=534"},"modified":"2019-08-21T13:15:36","modified_gmt":"2019-08-21T13:15:36","slug":"o-melhor-carro-para-a-europa","status":"publish","type":"post","link":"https:\/\/www.sixt.com.br\/magazine\/noticias\/o-melhor-carro-para-a-europa\/","title":{"rendered":"O MELHOR CARRO PARA A SUA VIAGEM PELA EUROPA"},"content":{"rendered":"\n<p><a rel=\"noreferrer noopener\" aria-label=\"Alugar um carro na Europa (opens in a new tab)\" href=\"https:\/\/www.sixt.com.br\/aluguel-de-carros-na-europa\/\" target=\"_blank\">Alugar um carro na Europa<\/a>&nbsp;\u00e9 uma maneira fant\u00e1stica de atravessar este continente diversificado.&nbsp;Uma excelente rede de rodovias e fronteiras dentro da regi\u00e3o de Schengen, te permite viajar facilmente entre um grande n\u00famero de pa\u00edses, cada um com as suas pr\u00f3prias culturas e l\u00ednguas.&nbsp;Vale a pena lembrar que, ao fazer uma&nbsp;viagem de carro pela Europa, voc\u00ea ir\u00e1 percorrer longas dist\u00e2ncias e gastar muita gasolina. Escolher um carro com motor econ\u00f4mico e ou um modelo robusto, pode melhorar consideravelmente a magia de condu\u00e7\u00e3o em toda a Europa.&nbsp;Neste artigo vamos dar algumas dicas sobre como escolher a categoria de ve\u00edculo ideal para voc\u00ea aproveitar ao m\u00e1ximo sua aventura pela Europa.&nbsp;&nbsp;<\/p>\n\n\n\n<div class=\"wp-block-image\"><figure class=\"aligncenter\"><img decoding=\"async\" width=\"1024\" height=\"655\" data-src=\"https:\/\/br.sx-magazine-wp.sixt.io\/magazine\/wp-content\/uploads\/sites\/15\/2019\/08\/Best-car-europe-1024x655-1024x655.jpg\" alt=\"\" class=\"wp-image-535 lazyload\" data-srcset=\"https:\/\/www.sixt.com.br\/magazine\/wp-content\/uploads\/\/sites\/15\/2019\/08\/Best-car-europe-1024x655.jpg 1024w, https:\/\/www.sixt.com.br\/magazine\/wp-content\/uploads\/\/sites\/15\/2019\/08\/Best-car-europe-1024x655-300x192.jpg 300w, https:\/\/www.sixt.com.br\/magazine\/wp-content\/uploads\/\/sites\/15\/2019\/08\/Best-car-europe-1024x655-768x491.jpg 768w\" data-sizes=\"(max-width: 1024px) 100vw, 1024px\" src=\"data:image\/svg+xml;base64,PHN2ZyB3aWR0aD0iMSIgaGVpZ2h0PSIxIiB4bWxucz0iaHR0cDovL3d3dy53My5vcmcvMjAwMC9zdmciPjwvc3ZnPg==\" style=\"--smush-placeholder-width: 1024px; --smush-placeholder-aspect-ratio: 1024\/655;\" \/><\/figure><\/div>\n\n\n\n<h3 class=\"wp-block-heading\">O MELHOR CARRO PARA VIAJAR LONGAS DIST\u00c2NCIAS<\/h3>\n\n\n\n<p>Em uma viagem \u00e0 Europa \u00e9 prov\u00e1vel que voc\u00ea experimente uma enorme variedade de terrenos, desde paisagens urbanas a estradas montanhosas e rodovias famosas, ent\u00e3o voc\u00ea precisa de um bom ve\u00edculo para aproveitar todas elas.&nbsp;Nossos&nbsp;<a href=\"https:\/\/www.sixt.com.br\/aluguel-de-carro-barato\/\">sedans<\/a>&nbsp;s\u00e3o perfeitos para a diversidade de paisagens que voc\u00ea encontrar\u00e1 em toda a Europa.&nbsp;Com um sedan, voc\u00ea ser\u00e1 capaz de lidar com uma variedade de condi\u00e7\u00f5es da estrada, ao mesmo tempo em que se adapta bem \u00e0s \u00e1reas urbanas e dirige por longas dist\u00e2ncias.&nbsp;Com seu generoso espa\u00e7o para as pernas e grandes malas, voc\u00ea e sua fam\u00edlia ou grupo, tamb\u00e9m viajar\u00e3o com conforto e ter\u00e3o muito espa\u00e7o para as bagagens.&nbsp;&nbsp;<\/p>\n\n\n\n<h3 class=\"wp-block-heading\">O MELHOR CARRO PARA ESTACIONAR FACILMENTE <\/h3>\n\n\n\n<p>Muitas das cidades hist\u00f3ricas da Europa n\u00e3o s\u00e3o constru\u00eddas para o uso de carros pesados \u200b\u200bque vemos hoje e, portanto, para estacionar, um <a href=\"https:\/\/www.sixt.com.br\/aluguel-de-carro-barato\/\" target=\"_blank\" rel=\"noreferrer noopener\" aria-label=\"carro compacto (opens in a new tab)\">carro compacto<\/a> pode ser a melhor op\u00e7\u00e3o.&nbsp;Voc\u00ea tamb\u00e9m estar\u00e1 dirigindo por lugares tur\u00edsticos e estacionando na rua com mais frequ\u00eancia, ent\u00e3o um ve\u00edculo maior como um SUV n\u00e3o seria \u00fatil.&nbsp;Os carros compactos tamb\u00e9m s\u00e3o surpreendentemente espa\u00e7osos e lidam bem com dist\u00e2ncias maiores entre cidades.&nbsp;Um carro compacto tamb\u00e9m tem a vantagem de ser mais econ\u00f4mico com combust\u00edvel gra\u00e7as ao seu tamanho menor.&nbsp;&nbsp;<\/p>\n\n\n\n<h3 class=\"wp-block-heading\">O MELHOR CARRO PARA LEVAR A FAM\u00cdLIA<\/h3>\n\n\n\n<p>Se voc\u00ea est\u00e1 fazendo uma viagem com a fam\u00edlia pela Europa, um bom n\u00edvel de conforto e espa\u00e7o extra para bagagem e passageiros \u00e9 essencial.&nbsp;Nossos sedans e SUVs fornecem o espa\u00e7o necess\u00e1rio, enquanto s\u00e3o equipados com os mais recentes recursos de entretenimento e seguran\u00e7a que ajudam voc\u00ea a navegar e se concentrar na estrada.&nbsp;Eles tamb\u00e9m s\u00e3o robustos, lidando com uma grande variedade de terrenos e condi\u00e7\u00f5es clim\u00e1ticas.&nbsp;Se voc\u00ea tem uma fam\u00edlia grande, temos tanto&nbsp;<a href=\"https:\/\/www.sixt.com.br\/aluguel-de-suv\/\" target=\"_blank\" rel=\"noreferrer noopener\" aria-label=\"SUVs de tamanho&nbsp;m\u00e9dio (opens in a new tab)\">SUVs de tamanho&nbsp;m\u00e9dio<\/a> quanto de tamanho&nbsp;<a rel=\"noreferrer noopener\" aria-label=\" (opens in a new tab)\" href=\"https:\/\/www.sixt.com.br\/aluguel-de-minivan\/\" target=\"_blank\">completo,<\/a>&nbsp;que podem acomodar at\u00e9 7 passageiros, com espa\u00e7o para as bagagem!&nbsp;<\/p>\n<!-- AddThis Advanced Settings generic via filter on the_content --><!-- AddThis Share Buttons generic via filter on the_content -->","protected":false},"excerpt":{"rendered":"<p>Alugar um carro na Europa&nbsp;\u00e9 uma maneira fant\u00e1stica de atravessar este continente diversificado.&nbsp;Uma excelente rede de rodovias e fronteiras dentro da regi\u00e3o de Schengen, te permite viajar facilmente entre um grande n\u00famero de pa\u00edses, cada um com as suas pr\u00f3prias culturas e l\u00ednguas.&nbsp;Vale a pena lembrar que, ao fazer uma&nbsp;viagem de carro pela Europa, voc\u00ea&#8230;<!-- AddThis Advanced Settings generic via filter on get_the_excerpt --><!-- AddThis Share Buttons generic via filter on get_the_excerpt --><\/p>\n","protected":false},"author":45,"featured_media":535,"comment_status":"open","ping_status":"open","sticky":false,"template":"","format":"standard","meta":{"_genesis_hide_title":false,"_genesis_hide_breadcrumbs":false,"_genesis_hide_singular_image":false,"_genesis_hide_footer_widgets":false,"_genesis_custom_body_class":"","_genesis_custom_post_class":"","_genesis_layout":"","ngg_post_thumbnail":0,"footnotes":""},"categories":[4,3],"tags":[],"class_list":{"0":"post-534","1":"post","2":"type-post","3":"status-publish","4":"format-standard","5":"has-post-thumbnail","7":"category-guias","8":"category-noticias","9":"entry"},"yoast_head":"<!-- This site is optimized with the Yoast SEO plugin v27.1.1 - https:\/\/yoast.com\/product\/yoast-seo-wordpress\/ -->\n<title>O MELHOR CARRO PARA A SUA VIAGEM PELA EUROPA - Sixt Magazine<\/title>\n<meta name=\"description\" content=\"Saiba qual categoria de carro alugar para viagem \u00e0 Europa! A Sixt tem diversas op\u00e7\u00f5es para o seu perfil e or\u00e7amento. Descubra o seu!\" \/>\n<meta name=\"robots\" content=\"index, follow, max-snippet:-1, max-image-preview:large, max-video-preview:-1\" \/>\n<link rel=\"canonical\" href=\"https:\/\/www.sixt.com.br\/magazine\/noticias\/o-melhor-carro-para-a-europa\/\" \/>\n<meta property=\"og:locale\" content=\"en_US\" \/>\n<meta property=\"og:type\" content=\"article\" \/>\n<meta property=\"og:title\" content=\"O MELHOR CARRO PARA A SUA VIAGEM PELA EUROPA - Sixt Magazine\" \/>\n<meta property=\"og:description\" content=\"Saiba qual categoria de carro alugar para viagem \u00e0 Europa! A Sixt tem diversas op\u00e7\u00f5es para o seu perfil e or\u00e7amento. Descubra o seu!\" \/>\n<meta property=\"og:url\" content=\"https:\/\/www.sixt.com.br\/magazine\/noticias\/o-melhor-carro-para-a-europa\/\" \/>\n<meta property=\"og:site_name\" content=\"Sixt Brasil Magazine\" \/>\n<meta property=\"article:published_time\" content=\"2019-08-21T13:12:48+00:00\" \/>\n<meta property=\"article:modified_time\" content=\"2019-08-21T13:15:36+00:00\" \/>\n<meta property=\"og:image\" content=\"https:\/\/www.sixt.com.br\/magazine\/wp-content\/uploads\/\/sites\/15\/2019\/08\/Best-car-europe-1024x655.jpg\" \/>\n\t<meta property=\"og:image:width\" content=\"1024\" \/>\n\t<meta property=\"og:image:height\" content=\"655\" \/>\n\t<meta property=\"og:image:type\" content=\"image\/jpeg\" \/>\n<meta name=\"twitter:card\" content=\"summary_large_image\" \/>\n<meta name=\"twitter:label1\" content=\"Written by\" \/>\n\t<meta name=\"twitter:data1\" content=\"\" \/>\n\t<meta name=\"twitter:label2\" content=\"Est. reading time\" \/>\n\t<meta name=\"twitter:data2\" content=\"3 minutes\" \/>\n<!-- \/ Yoast SEO plugin. -->","yoast_head_json":{"title":"O MELHOR CARRO PARA A SUA VIAGEM PELA EUROPA - Sixt Magazine","description":"Saiba qual categoria de carro alugar para viagem \u00e0 Europa! A Sixt tem diversas op\u00e7\u00f5es para o seu perfil e or\u00e7amento. Descubra o seu!","robots":{"index":"index","follow":"follow","max-snippet":"max-snippet:-1","max-image-preview":"max-image-preview:large","max-video-preview":"max-video-preview:-1"},"canonical":"https:\/\/www.sixt.com.br\/magazine\/noticias\/o-melhor-carro-para-a-europa\/","og_locale":"en_US","og_type":"article","og_title":"O MELHOR CARRO PARA A SUA VIAGEM PELA EUROPA - Sixt Magazine","og_description":"Saiba qual categoria de carro alugar para viagem \u00e0 Europa! A Sixt tem diversas op\u00e7\u00f5es para o seu perfil e or\u00e7amento. Descubra o seu!","og_url":"https:\/\/www.sixt.com.br\/magazine\/noticias\/o-melhor-carro-para-a-europa\/","og_site_name":"Sixt Brasil Magazine","article_published_time":"2019-08-21T13:12:48+00:00","article_modified_time":"2019-08-21T13:15:36+00:00","og_image":[{"width":1024,"height":655,"url":"https:\/\/www.sixt.com.br\/magazine\/wp-content\/uploads\/\/sites\/15\/2019\/08\/Best-car-europe-1024x655.jpg","type":"image\/jpeg"}],"twitter_card":"summary_large_image","twitter_misc":{"Written by":"","Est. reading time":"3 minutes"},"schema":{"@context":"https:\/\/schema.org","@graph":[{"@type":"Article","@id":"https:\/\/www.sixt.com.br\/magazine\/noticias\/o-melhor-carro-para-a-europa\/#article","isPartOf":{"@id":"https:\/\/www.sixt.com.br\/magazine\/noticias\/o-melhor-carro-para-a-europa\/"},"author":{"name":"","@id":""},"headline":"O MELHOR CARRO PARA A SUA VIAGEM PELA EUROPA","datePublished":"2019-08-21T13:12:48+00:00","dateModified":"2019-08-21T13:15:36+00:00","mainEntityOfPage":{"@id":"https:\/\/www.sixt.com.br\/magazine\/noticias\/o-melhor-carro-para-a-europa\/"},"wordCount":513,"commentCount":0,"image":{"@id":"https:\/\/www.sixt.com.br\/magazine\/noticias\/o-melhor-carro-para-a-europa\/#primaryimage"},"thumbnailUrl":"https:\/\/www.sixt.com.br\/magazine\/wp-content\/uploads\/\/sites\/15\/2019\/08\/Best-car-europe-1024x655.jpg","articleSection":["Guias e dicas","Not\u00edcias"],"inLanguage":"en-US","potentialAction":[{"@type":"CommentAction","name":"Comment","target":["https:\/\/www.sixt.com.br\/magazine\/noticias\/o-melhor-carro-para-a-europa\/#respond"]}]},{"@type":"WebPage","@id":"https:\/\/www.sixt.com.br\/magazine\/noticias\/o-melhor-carro-para-a-europa\/","url":"https:\/\/www.sixt.com.br\/magazine\/noticias\/o-melhor-carro-para-a-europa\/","name":"O MELHOR CARRO PARA A SUA VIAGEM PELA EUROPA - Sixt Magazine","isPartOf":{"@id":"https:\/\/www.sixt.com.br\/magazine\/#website"},"primaryImageOfPage":{"@id":"https:\/\/www.sixt.com.br\/magazine\/noticias\/o-melhor-carro-para-a-europa\/#primaryimage"},"image":{"@id":"https:\/\/www.sixt.com.br\/magazine\/noticias\/o-melhor-carro-para-a-europa\/#primaryimage"},"thumbnailUrl":"https:\/\/www.sixt.com.br\/magazine\/wp-content\/uploads\/\/sites\/15\/2019\/08\/Best-car-europe-1024x655.jpg","datePublished":"2019-08-21T13:12:48+00:00","dateModified":"2019-08-21T13:15:36+00:00","author":{"@id":""},"description":"Saiba qual categoria de carro alugar para viagem \u00e0 Europa! A Sixt tem diversas op\u00e7\u00f5es para o seu perfil e or\u00e7amento. Descubra o seu!","breadcrumb":{"@id":"https:\/\/www.sixt.com.br\/magazine\/noticias\/o-melhor-carro-para-a-europa\/#breadcrumb"},"inLanguage":"en-US","potentialAction":[{"@type":"ReadAction","target":["https:\/\/www.sixt.com.br\/magazine\/noticias\/o-melhor-carro-para-a-europa\/"]}]},{"@type":"ImageObject","inLanguage":"en-US","@id":"https:\/\/www.sixt.com.br\/magazine\/noticias\/o-melhor-carro-para-a-europa\/#primaryimage","url":"https:\/\/www.sixt.com.br\/magazine\/wp-content\/uploads\/\/sites\/15\/2019\/08\/Best-car-europe-1024x655.jpg","contentUrl":"https:\/\/www.sixt.com.br\/magazine\/wp-content\/uploads\/\/sites\/15\/2019\/08\/Best-car-europe-1024x655.jpg","width":1024,"height":655},{"@type":"BreadcrumbList","@id":"https:\/\/www.sixt.com.br\/magazine\/noticias\/o-melhor-carro-para-a-europa\/#breadcrumb","itemListElement":[{"@type":"ListItem","position":1,"name":"Home","item":"https:\/\/www.sixt.com.br\/magazine\/"},{"@type":"ListItem","position":2,"name":"O MELHOR CARRO PARA A SUA VIAGEM PELA EUROPA"}]},{"@type":"WebSite","@id":"https:\/\/www.sixt.com.br\/magazine\/#website","url":"https:\/\/www.sixt.com.br\/magazine\/","name":"Sixt Brasil Magazine","description":"Dicas de viagem e not\u00edcias da Sixt","potentialAction":[{"@type":"SearchAction","target":{"@type":"EntryPoint","urlTemplate":"https:\/\/www.sixt.com.br\/magazine\/?s={search_term_string}"},"query-input":{"@type":"PropertyValueSpecification","valueRequired":true,"valueName":"search_term_string"}}],"inLanguage":"en-US"},{"@type":"Person","@id":"","url":"https:\/\/www.sixt.com.br\/magazine\/author\/"}]}},"_links":{"self":[{"href":"https:\/\/www.sixt.com.br\/magazine\/wp-json\/wp\/v2\/posts\/534","targetHints":{"allow":["GET"]}}],"collection":[{"href":"https:\/\/www.sixt.com.br\/magazine\/wp-json\/wp\/v2\/posts"}],"about":[{"href":"https:\/\/www.sixt.com.br\/magazine\/wp-json\/wp\/v2\/types\/post"}],"author":[{"embeddable":true,"href":"https:\/\/www.sixt.com.br\/magazine\/wp-json\/wp\/v2\/users\/45"}],"replies":[{"embeddable":true,"href":"https:\/\/www.sixt.com.br\/magazine\/wp-json\/wp\/v2\/comments?post=534"}],"version-history":[{"count":0,"href":"https:\/\/www.sixt.com.br\/magazine\/wp-json\/wp\/v2\/posts\/534\/revisions"}],"wp:featuredmedia":[{"embeddable":true,"href":"https:\/\/www.sixt.com.br\/magazine\/wp-json\/wp\/v2\/media\/535"}],"wp:attachment":[{"href":"https:\/\/www.sixt.com.br\/magazine\/wp-json\/wp\/v2\/media?parent=534"}],"wp:term":[{"taxonomy":"category","embeddable":true,"href":"https:\/\/www.sixt.com.br\/magazine\/wp-json\/wp\/v2\/categories?post=534"},{"taxonomy":"post_tag","embeddable":true,"href":"https:\/\/www.sixt.com.br\/magazine\/wp-json\/wp\/v2\/tags?post=534"}],"curies":[{"name":"wp","href":"https:\/\/api.w.org\/{rel}","templated":true}]}}