{"id":1646,"date":"2023-01-20T16:38:11","date_gmt":"2023-01-20T16:38:11","guid":{"rendered":"https:\/\/www.sixt.com.br\/magazine\/?p=1646"},"modified":"2023-01-20T16:38:12","modified_gmt":"2023-01-20T16:38:12","slug":"recarregar-uma-bmw-eletrica","status":"publish","type":"post","link":"https:\/\/www.sixt.com.br\/magazine\/noticias\/recarregar-uma-bmw-eletrica\/","title":{"rendered":"COMO CARREGAR UM BMW EL\u00c9TRICO"},"content":{"rendered":"\n<p>Dirigindo um el\u00e9trico BMW modelo \u00e9 um verdadeiro prazer, oferecendo os recursos mais recentes em um pacote elegante com um passeio silencioso.\u00a0No entanto, em algum momento voc\u00ea precisar\u00e1 recarregar para continuar sua jornada.\u00a0A boa not\u00edcia \u00e9 que ficou mais f\u00e1cil encontrar pontos de recarga p\u00fablicos nas cidades e nas rodovias interestaduais.<\/p>\n\n\n\n<p>A SIXT oferece diferentes modelos BMW EV dependendo de onde voc\u00ea est\u00e1 no mundo.\u00a0Se voc\u00ea alugar um, talvez queira saber os pr\u00f3s e contras de dirigir um carro el\u00e9trico.\u00a0Iremos orient\u00e1-lo no processo de carregamento, como encontrar pontos de carregamento pr\u00f3ximos ou ao longo do seu percurso e como pagar pelas sess\u00f5es de carregamento.\u00a0Dessa forma, voc\u00ea pode aproveitar sua viagem e n\u00e3o se preocupar em ficar sem energia.<\/p>\n\n\n\n<figure class=\"wp-block-image\"><img decoding=\"async\" data-src=\"https:\/\/www.sixt.com\/magazine\/wp-content\/uploads\/\/sites\/6\/2023\/01\/BMW-charging-1024x683.jpg\" alt=\"mulher com \u00f3culos de sol segurando uma x\u00edcara de caf\u00e9 em p\u00e9 na frente de um carro el\u00e9trico BMW branco que est\u00e1 conectado e carregando\" class=\"wp-image-11160 lazyload\" src=\"data:image\/svg+xml;base64,PHN2ZyB3aWR0aD0iMSIgaGVpZ2h0PSIxIiB4bWxucz0iaHR0cDovL3d3dy53My5vcmcvMjAwMC9zdmciPjwvc3ZnPg==\" style=\"--smush-placeholder-width: 1024px; --smush-placeholder-aspect-ratio: 1024\/683;\" \/><figcaption class=\"wp-element-caption\">Foto: PH888 no Shutterstock<\/figcaption><\/figure>\n\n\n\n<h2 class=\"wp-block-heading\">COME\u00c7ANDO<\/h2>\n\n\n\n<ul class=\"wp-block-list\">\n<li>Todos os ve\u00edculos el\u00e9tricos BMW v\u00eam equipados de s\u00e9rie com iDrive e navega\u00e7\u00e3o BMW.&nbsp;Poder\u00e1 visualizar os pontos de carregamento como \u201cPontos de Interesse\u201d no sistema de navega\u00e7\u00e3o.&nbsp;Na maioria dos casos, voc\u00ea poder\u00e1 ver se esses pontos est\u00e3o dispon\u00edveis para uso ou se j\u00e1 est\u00e3o em uso.<\/li>\n\n\n\n<li>Quando voc\u00ea aluga um BMW, ele vem com cabos de carregamento para que voc\u00ea possa usar os pontos de carregamento p\u00fablicos.&nbsp;Os modelos BMW n\u00e3o s\u00f3 podem ser carregados de forma r\u00e1pida, f\u00e1cil e conveniente em casa usando uma caixa de parede, mas tamb\u00e9m podem ser carregados em movimento.&nbsp;O carregamento \u00e9 f\u00e1cil;&nbsp;basta conectar o cabo da caixa de parede ou caixa de carregamento p\u00fablico e, em seguida, no ponto de carregamento do carro localizado onde normalmente estaria a tampa do tanque.<\/li>\n\n\n\n<li>Al\u00e9m disso, o aplicativo My BMW exclusivo para modelos EV mostra a autonomia dispon\u00edvel, bateria e n\u00edvel de carga, mensagens de servi\u00e7o e localiza\u00e7\u00e3o do ve\u00edculo.&nbsp;O aplicativo fornece informa\u00e7\u00f5es detalhadas sobre o status atual do seu BMW el\u00e9trico em todos os momentos.<\/li>\n<\/ul>\n\n\n\n<h2 class=\"wp-block-heading\">COMO ENCONTRAR PONTOS DE CARREGAMENTO P\u00daBLICOS<\/h2>\n\n\n\n<p>Voc\u00ea pode procurar pontos de recarga pr\u00f3ximos ou a caminho de um destino.\u00a0Isso pode ser feito no aplicativo My BMW (dispon\u00edvel no Google Play ou Apple store) ou no ve\u00edculo via iDrive.\u00a0Se um ponto de recarga p\u00fablico estiver dispon\u00edvel, ele aparecer\u00e1 em verde no mapa, tornando mais f\u00e1cil descobrir onde parar e recarregar.\u00a0Voc\u00ea tamb\u00e9m pode filtrar com base no tipo de carregador de que precisa (como carregamento r\u00e1pido).\u00a0Ao selecionar o ponto de carregamento que deseja usar, voc\u00ea receber\u00e1 instru\u00e7\u00f5es para gui\u00e1-lo at\u00e9 l\u00e1.<\/p>\n\n\n\n<h2 class=\"wp-block-heading\">COMO COME\u00c7AR A CARREGAR<\/h2>\n\n\n\n<p>Depois de chegar a um ponto de carregamento dispon\u00edvel, pressione a tampa da porta de carregamento no ve\u00edculo para abri-la e conecte o cabo de carregamento.&nbsp;Se voc\u00ea possui um BMW el\u00e9trico nos EUA, ele est\u00e1 conectado aos pontos de carregamento da Electrify America, portanto, voc\u00ea precisar\u00e1 do aplicativo para iniciar as sess\u00f5es de carregamento e pagamento.&nbsp;No aplicativo Electrify America, voc\u00ea pode deslizar para iniciar a sess\u00e3o de carregamento.&nbsp;Para terminar a sess\u00e3o de carregamento, destranque o ve\u00edculo e desligue o cabo de carregamento.<\/p>\n\n\n\n<p>Para alugueres SIXT, pode obter informa\u00e7\u00f5es sobre os nossos parceiros de carregamento, aplica\u00e7\u00f5es que poder\u00e1 necessitar de descarregar, como pagar as sess\u00f5es de carregamento e outras informa\u00e7\u00f5es que poder\u00e1 necessitar quando levantar o seu ve\u00edculo.<\/p>\n<!-- AddThis Advanced Settings generic via filter on the_content --><!-- AddThis Share Buttons generic via filter on the_content -->","protected":false},"excerpt":{"rendered":"<p>Dirigindo um el\u00e9trico BMW modelo \u00e9 um verdadeiro prazer, oferecendo os recursos mais recentes em um pacote elegante com um passeio silencioso.\u00a0No entanto, em algum momento voc\u00ea precisar\u00e1 recarregar para continuar sua jornada.\u00a0A boa not\u00edcia \u00e9 que ficou mais f\u00e1cil encontrar pontos de recarga p\u00fablicos nas cidades e nas rodovias interestaduais. A SIXT oferece diferentes&#8230;<!-- AddThis Advanced Settings generic via filter on get_the_excerpt --><!-- AddThis Share Buttons generic via filter on get_the_excerpt --><\/p>\n","protected":false},"author":45,"featured_media":1305,"comment_status":"open","ping_status":"open","sticky":false,"template":"","format":"standard","meta":{"_genesis_hide_title":false,"_genesis_hide_breadcrumbs":false,"_genesis_hide_singular_image":false,"_genesis_hide_footer_widgets":false,"_genesis_custom_body_class":"","_genesis_custom_post_class":"","_genesis_layout":"","ngg_post_thumbnail":0,"footnotes":""},"categories":[4,3],"tags":[],"class_list":{"0":"post-1646","1":"post","2":"type-post","3":"status-publish","4":"format-standard","5":"has-post-thumbnail","7":"category-guias","8":"category-noticias","9":"entry"},"yoast_head":"<!-- This site is optimized with the Yoast SEO plugin v27.1.1 - https:\/\/yoast.com\/product\/yoast-seo-wordpress\/ -->\n<title>COMO CARREGAR UM BMW EL\u00c9TRICO - Sixt Magazine<\/title>\n<meta name=\"robots\" content=\"index, follow, max-snippet:-1, max-image-preview:large, max-video-preview:-1\" \/>\n<link rel=\"canonical\" href=\"https:\/\/www.sixt.com.br\/magazine\/uncategorized\/recarregar-uma-bmw-eletrica\/\" \/>\n<meta property=\"og:locale\" content=\"en_US\" \/>\n<meta property=\"og:type\" content=\"article\" \/>\n<meta property=\"og:title\" content=\"COMO CARREGAR UM BMW EL\u00c9TRICO - Sixt Magazine\" \/>\n<meta property=\"og:description\" content=\"Dirigindo um el\u00e9trico BMW modelo \u00e9 um verdadeiro prazer, oferecendo os recursos mais recentes em um pacote elegante com um passeio silencioso.\u00a0No entanto, em algum momento voc\u00ea precisar\u00e1 recarregar para continuar sua jornada.\u00a0A boa not\u00edcia \u00e9 que ficou mais f\u00e1cil encontrar pontos de recarga p\u00fablicos nas cidades e nas rodovias interestaduais. A SIXT oferece diferentes...\" \/>\n<meta property=\"og:url\" content=\"https:\/\/www.sixt.com.br\/magazine\/uncategorized\/recarregar-uma-bmw-eletrica\/\" \/>\n<meta property=\"og:site_name\" content=\"Sixt Brasil Magazine\" \/>\n<meta property=\"article:published_time\" content=\"2023-01-20T16:38:11+00:00\" \/>\n<meta property=\"article:modified_time\" content=\"2023-01-20T16:38:12+00:00\" \/>\n<meta property=\"og:image\" content=\"https:\/\/www.sixt.com\/magazine\/wp-content\/uploads\/\/sites\/6\/2023\/01\/BMW-charging-1024x683.jpg\" \/>\n<meta name=\"twitter:card\" content=\"summary_large_image\" \/>\n<meta name=\"twitter:label1\" content=\"Written by\" \/>\n\t<meta name=\"twitter:data1\" content=\"\" \/>\n\t<meta name=\"twitter:label2\" content=\"Est. reading time\" \/>\n\t<meta name=\"twitter:data2\" content=\"3 minutes\" \/>\n<!-- \/ Yoast SEO plugin. -->","yoast_head_json":{"title":"COMO CARREGAR UM BMW EL\u00c9TRICO - Sixt Magazine","robots":{"index":"index","follow":"follow","max-snippet":"max-snippet:-1","max-image-preview":"max-image-preview:large","max-video-preview":"max-video-preview:-1"},"canonical":"https:\/\/www.sixt.com.br\/magazine\/uncategorized\/recarregar-uma-bmw-eletrica\/","og_locale":"en_US","og_type":"article","og_title":"COMO CARREGAR UM BMW EL\u00c9TRICO - Sixt Magazine","og_description":"Dirigindo um el\u00e9trico BMW modelo \u00e9 um verdadeiro prazer, oferecendo os recursos mais recentes em um pacote elegante com um passeio silencioso.\u00a0No entanto, em algum momento voc\u00ea precisar\u00e1 recarregar para continuar sua jornada.\u00a0A boa not\u00edcia \u00e9 que ficou mais f\u00e1cil encontrar pontos de recarga p\u00fablicos nas cidades e nas rodovias interestaduais. A SIXT oferece diferentes...","og_url":"https:\/\/www.sixt.com.br\/magazine\/uncategorized\/recarregar-uma-bmw-eletrica\/","og_site_name":"Sixt Brasil Magazine","article_published_time":"2023-01-20T16:38:11+00:00","article_modified_time":"2023-01-20T16:38:12+00:00","og_image":[{"url":"https:\/\/www.sixt.com\/magazine\/wp-content\/uploads\/\/sites\/6\/2023\/01\/BMW-charging-1024x683.jpg","type":"","width":"","height":""}],"twitter_card":"summary_large_image","twitter_misc":{"Written by":"","Est. reading time":"3 minutes"},"schema":{"@context":"https:\/\/schema.org","@graph":[{"@type":"Article","@id":"https:\/\/www.sixt.com.br\/magazine\/uncategorized\/recarregar-uma-bmw-eletrica\/#article","isPartOf":{"@id":"https:\/\/www.sixt.com.br\/magazine\/uncategorized\/recarregar-uma-bmw-eletrica\/"},"author":{"name":"","@id":""},"headline":"COMO CARREGAR UM BMW EL\u00c9TRICO","datePublished":"2023-01-20T16:38:11+00:00","dateModified":"2023-01-20T16:38:12+00:00","mainEntityOfPage":{"@id":"https:\/\/www.sixt.com.br\/magazine\/uncategorized\/recarregar-uma-bmw-eletrica\/"},"wordCount":590,"commentCount":0,"image":{"@id":"https:\/\/www.sixt.com.br\/magazine\/uncategorized\/recarregar-uma-bmw-eletrica\/#primaryimage"},"thumbnailUrl":"https:\/\/www.sixt.com.br\/magazine\/wp-content\/uploads\/\/sites\/15\/2022\/01\/Carro-eletrico-1.jpg","articleSection":["Guias e dicas","Not\u00edcias"],"inLanguage":"en-US","potentialAction":[{"@type":"CommentAction","name":"Comment","target":["https:\/\/www.sixt.com.br\/magazine\/uncategorized\/recarregar-uma-bmw-eletrica\/#respond"]}]},{"@type":"WebPage","@id":"https:\/\/www.sixt.com.br\/magazine\/uncategorized\/recarregar-uma-bmw-eletrica\/","url":"https:\/\/www.sixt.com.br\/magazine\/uncategorized\/recarregar-uma-bmw-eletrica\/","name":"COMO CARREGAR UM BMW EL\u00c9TRICO - Sixt Magazine","isPartOf":{"@id":"https:\/\/www.sixt.com.br\/magazine\/#website"},"primaryImageOfPage":{"@id":"https:\/\/www.sixt.com.br\/magazine\/uncategorized\/recarregar-uma-bmw-eletrica\/#primaryimage"},"image":{"@id":"https:\/\/www.sixt.com.br\/magazine\/uncategorized\/recarregar-uma-bmw-eletrica\/#primaryimage"},"thumbnailUrl":"https:\/\/www.sixt.com.br\/magazine\/wp-content\/uploads\/\/sites\/15\/2022\/01\/Carro-eletrico-1.jpg","datePublished":"2023-01-20T16:38:11+00:00","dateModified":"2023-01-20T16:38:12+00:00","author":{"@id":""},"breadcrumb":{"@id":"https:\/\/www.sixt.com.br\/magazine\/uncategorized\/recarregar-uma-bmw-eletrica\/#breadcrumb"},"inLanguage":"en-US","potentialAction":[{"@type":"ReadAction","target":["https:\/\/www.sixt.com.br\/magazine\/uncategorized\/recarregar-uma-bmw-eletrica\/"]}]},{"@type":"ImageObject","inLanguage":"en-US","@id":"https:\/\/www.sixt.com.br\/magazine\/uncategorized\/recarregar-uma-bmw-eletrica\/#primaryimage","url":"https:\/\/www.sixt.com.br\/magazine\/wp-content\/uploads\/\/sites\/15\/2022\/01\/Carro-eletrico-1.jpg","contentUrl":"https:\/\/www.sixt.com.br\/magazine\/wp-content\/uploads\/\/sites\/15\/2022\/01\/Carro-eletrico-1.jpg","width":1024,"height":683},{"@type":"BreadcrumbList","@id":"https:\/\/www.sixt.com.br\/magazine\/uncategorized\/recarregar-uma-bmw-eletrica\/#breadcrumb","itemListElement":[{"@type":"ListItem","position":1,"name":"Home","item":"https:\/\/www.sixt.com.br\/magazine\/"},{"@type":"ListItem","position":2,"name":"COMO CARREGAR UM BMW EL\u00c9TRICO"}]},{"@type":"WebSite","@id":"https:\/\/www.sixt.com.br\/magazine\/#website","url":"https:\/\/www.sixt.com.br\/magazine\/","name":"Sixt Brasil Magazine","description":"Dicas de viagem e not\u00edcias da Sixt","potentialAction":[{"@type":"SearchAction","target":{"@type":"EntryPoint","urlTemplate":"https:\/\/www.sixt.com.br\/magazine\/?s={search_term_string}"},"query-input":{"@type":"PropertyValueSpecification","valueRequired":true,"valueName":"search_term_string"}}],"inLanguage":"en-US"},{"@type":"Person","@id":"","url":"https:\/\/www.sixt.com.br\/magazine\/author\/"}]}},"_links":{"self":[{"href":"https:\/\/www.sixt.com.br\/magazine\/wp-json\/wp\/v2\/posts\/1646","targetHints":{"allow":["GET"]}}],"collection":[{"href":"https:\/\/www.sixt.com.br\/magazine\/wp-json\/wp\/v2\/posts"}],"about":[{"href":"https:\/\/www.sixt.com.br\/magazine\/wp-json\/wp\/v2\/types\/post"}],"author":[{"embeddable":true,"href":"https:\/\/www.sixt.com.br\/magazine\/wp-json\/wp\/v2\/users\/45"}],"replies":[{"embeddable":true,"href":"https:\/\/www.sixt.com.br\/magazine\/wp-json\/wp\/v2\/comments?post=1646"}],"version-history":[{"count":0,"href":"https:\/\/www.sixt.com.br\/magazine\/wp-json\/wp\/v2\/posts\/1646\/revisions"}],"wp:featuredmedia":[{"embeddable":true,"href":"https:\/\/www.sixt.com.br\/magazine\/wp-json\/wp\/v2\/media\/1305"}],"wp:attachment":[{"href":"https:\/\/www.sixt.com.br\/magazine\/wp-json\/wp\/v2\/media?parent=1646"}],"wp:term":[{"taxonomy":"category","embeddable":true,"href":"https:\/\/www.sixt.com.br\/magazine\/wp-json\/wp\/v2\/categories?post=1646"},{"taxonomy":"post_tag","embeddable":true,"href":"https:\/\/www.sixt.com.br\/magazine\/wp-json\/wp\/v2\/tags?post=1646"}],"curies":[{"name":"wp","href":"https:\/\/api.w.org\/{rel}","templated":true}]}}