{"id":1634,"date":"2023-01-11T12:42:13","date_gmt":"2023-01-11T12:42:13","guid":{"rendered":"https:\/\/www.sixt.com.br\/magazine\/?p=1634"},"modified":"2023-01-11T12:43:16","modified_gmt":"2023-01-11T12:43:16","slug":"5-piores-carros-eletricos-do-passado","status":"publish","type":"post","link":"https:\/\/www.sixt.com.br\/magazine\/noticias\/5-piores-carros-eletricos-do-passado\/","title":{"rendered":"OS 5 PIORES CARROS EL\u00c9TRICOS FEITOS NO PASSADO"},"content":{"rendered":"\n<p>Quem acha que carro el\u00e9trico \u00e9 novidade esta enganado! Na d\u00e9cada de 70, algumas fabricantes j\u00e1 estavam tentando criar carros que n\u00e3o precisavam do uso da gasolina. Muitos foram descontinuados, pelo baixa autonomia e outros por dar muito, mas muito errado! Confira a nossa lista dos piores carros el\u00e9tricos &#8211; antigos &#8211; j\u00e1 fabricados, e n\u00e3o estamos contando com os atuais!<\/p>\n\n\n\n<h3 class=\"wp-block-heading\"><strong>CitiCar<\/strong>\u00a0<\/h3>\n\n\n\n<figure class=\"wp-block-image size-large\"><img decoding=\"async\" width=\"1024\" height=\"779\" data-src=\"https:\/\/www.sixt.com.br\/magazine\/wp-content\/uploads\/\/sites\/15\/2023\/01\/1976_Citicar_6HP-1024x779.jpeg\" alt=\"\" class=\"wp-image-1635 lazyload\" data-srcset=\"https:\/\/www.sixt.com.br\/magazine\/wp-content\/uploads\/\/sites\/15\/2023\/01\/1976_Citicar_6HP-1024x779.jpeg 1024w, https:\/\/www.sixt.com.br\/magazine\/wp-content\/uploads\/\/sites\/15\/2023\/01\/1976_Citicar_6HP-300x228.jpeg 300w, https:\/\/www.sixt.com.br\/magazine\/wp-content\/uploads\/\/sites\/15\/2023\/01\/1976_Citicar_6HP-768x584.jpeg 768w, https:\/\/www.sixt.com.br\/magazine\/wp-content\/uploads\/\/sites\/15\/2023\/01\/1976_Citicar_6HP-1536x1168.jpeg 1536w, https:\/\/www.sixt.com.br\/magazine\/wp-content\/uploads\/\/sites\/15\/2023\/01\/1976_Citicar_6HP.jpeg 1578w\" data-sizes=\"(max-width: 1024px) 100vw, 1024px\" src=\"data:image\/svg+xml;base64,PHN2ZyB3aWR0aD0iMSIgaGVpZ2h0PSIxIiB4bWxucz0iaHR0cDovL3d3dy53My5vcmcvMjAwMC9zdmciPjwvc3ZnPg==\" style=\"--smush-placeholder-width: 1024px; --smush-placeholder-aspect-ratio: 1024\/779;\" \/><figcaption class=\"wp-element-caption\">CitiCar -Divulga\u00e7\u00e3o<\/figcaption><\/figure>\n\n\n\n<p>A americana Sebring, conseguiu o feito de fabricar o\u00a0<strong>CitiCar<\/strong> em 1971.\u00a0Em meio a crise do petr\u00f3eo, os fabricantes estavam tentando tornar seus ve\u00edculos mais eficientes.\u00a0A CitiCar substituiu o motor a combust\u00e3o por um motor el\u00e9trico \u00e0 bateria.\u00a0Sua autonomia era de apenas 50 km e o design triangular desanimava potenciais combradores.<\/p>\n\n\n\n<h3 class=\"wp-block-heading\"><strong>Gurgel Itaipu E150<\/strong><\/h3>\n\n\n<div class=\"wp-block-image\">\n<figure class=\"aligncenter size-full\"><img decoding=\"async\" width=\"541\" height=\"411\" data-src=\"https:\/\/www.sixt.com.br\/magazine\/wp-content\/uploads\/\/sites\/15\/2023\/01\/Gurgel_Itaipu_E150-1.jpeg\" alt=\"\" class=\"wp-image-1640 lazyload\" data-srcset=\"https:\/\/www.sixt.com.br\/magazine\/wp-content\/uploads\/\/sites\/15\/2023\/01\/Gurgel_Itaipu_E150-1.jpeg 541w, https:\/\/www.sixt.com.br\/magazine\/wp-content\/uploads\/\/sites\/15\/2023\/01\/Gurgel_Itaipu_E150-1-300x228.jpeg 300w\" data-sizes=\"(max-width: 541px) 100vw, 541px\" src=\"data:image\/svg+xml;base64,PHN2ZyB3aWR0aD0iMSIgaGVpZ2h0PSIxIiB4bWxucz0iaHR0cDovL3d3dy53My5vcmcvMjAwMC9zdmciPjwvc3ZnPg==\" style=\"--smush-placeholder-width: 541px; --smush-placeholder-aspect-ratio: 541\/411;\" \/><figcaption class=\"wp-element-caption\">Itaipu &#8211; Divulga\u00e7\u00e3o<\/figcaption><\/figure><\/div>\n\n\n<p>A brasileira Gurgel Motors lan\u00e7ou o <strong>Gurgel Itaipu E150<\/strong> em 1975. Apesar de ser um ve\u00edculo alternativo interessante para a \u00e9poca, n\u00e3o foi continuado pela empresa, uma esp\u00e9cia de c\u00f3pia do Citicar.\u00a0O Itaipu E150 tinha uma velocidade m\u00e1xima 32km\/h e 80 km de alcance.\u00a0<\/p>\n\n\n\n<h3 class=\"wp-block-heading\"><strong>G-Wiz<\/strong><\/h3>\n\n\n\n<figure class=\"wp-block-image size-large\"><img decoding=\"async\" width=\"1024\" height=\"681\" data-src=\"https:\/\/www.sixt.com.br\/magazine\/wp-content\/uploads\/\/sites\/15\/2023\/01\/Reva_i_silver-1024x681.jpeg\" alt=\"\" class=\"wp-image-1637 lazyload\" data-srcset=\"https:\/\/www.sixt.com.br\/magazine\/wp-content\/uploads\/\/sites\/15\/2023\/01\/Reva_i_silver-1024x681.jpeg 1024w, https:\/\/www.sixt.com.br\/magazine\/wp-content\/uploads\/\/sites\/15\/2023\/01\/Reva_i_silver-300x200.jpeg 300w, https:\/\/www.sixt.com.br\/magazine\/wp-content\/uploads\/\/sites\/15\/2023\/01\/Reva_i_silver-768x511.jpeg 768w, https:\/\/www.sixt.com.br\/magazine\/wp-content\/uploads\/\/sites\/15\/2023\/01\/Reva_i_silver-1536x1022.jpeg 1536w, https:\/\/www.sixt.com.br\/magazine\/wp-content\/uploads\/\/sites\/15\/2023\/01\/Reva_i_silver.jpeg 1920w\" data-sizes=\"(max-width: 1024px) 100vw, 1024px\" src=\"data:image\/svg+xml;base64,PHN2ZyB3aWR0aD0iMSIgaGVpZ2h0PSIxIiB4bWxucz0iaHR0cDovL3d3dy53My5vcmcvMjAwMC9zdmciPjwvc3ZnPg==\" style=\"--smush-placeholder-width: 1024px; --smush-placeholder-aspect-ratio: 1024\/681;\" \/><figcaption class=\"wp-element-caption\">G-Wiz &#8211; Divulga\u00e7\u00e3o<\/figcaption><\/figure>\n\n\n\n<p>Com um nome engra\u00e7ado, essa obra prima da Reva Electric Car Company, montadora inglesa, o\u00a0<strong>G-Wiz<\/strong>\u00a0foi um belo fracasso em 2001.\u00a0Sua carroceria era leve, e por isso perigosa.\u00a0As baterias baratas forneciam autonomia suficiente para dirigir na cidade, e nada mais: 74 km de autonomia e uma velocidade de 72km\/h.<\/p>\n\n\n\n<h3 class=\"wp-block-heading\"><strong>Sinclair C5<\/strong><\/h3>\n\n\n\n<figure class=\"wp-block-image size-large\"><img decoding=\"async\" width=\"1024\" height=\"998\" data-src=\"https:\/\/www.sixt.com.br\/magazine\/wp-content\/uploads\/\/sites\/15\/2023\/01\/Sinclair_C5_with_high_vis_mast-1024x998.jpeg\" alt=\"\" class=\"wp-image-1638 lazyload\" data-srcset=\"https:\/\/www.sixt.com.br\/magazine\/wp-content\/uploads\/\/sites\/15\/2023\/01\/Sinclair_C5_with_high_vis_mast-1024x998.jpeg 1024w, https:\/\/www.sixt.com.br\/magazine\/wp-content\/uploads\/\/sites\/15\/2023\/01\/Sinclair_C5_with_high_vis_mast-300x292.jpeg 300w, https:\/\/www.sixt.com.br\/magazine\/wp-content\/uploads\/\/sites\/15\/2023\/01\/Sinclair_C5_with_high_vis_mast-768x748.jpeg 768w, https:\/\/www.sixt.com.br\/magazine\/wp-content\/uploads\/\/sites\/15\/2023\/01\/Sinclair_C5_with_high_vis_mast.jpeg 1280w\" data-sizes=\"(max-width: 1024px) 100vw, 1024px\" src=\"data:image\/svg+xml;base64,PHN2ZyB3aWR0aD0iMSIgaGVpZ2h0PSIxIiB4bWxucz0iaHR0cDovL3d3dy53My5vcmcvMjAwMC9zdmciPjwvc3ZnPg==\" style=\"--smush-placeholder-width: 1024px; --smush-placeholder-aspect-ratio: 1024\/998;\" \/><figcaption class=\"wp-element-caption\">Sinclair C5 &#8211; Divulga\u00e7\u00e3o<\/figcaption><\/figure>\n\n\n\n<p>Com\u00a0design futurista, o <strong>Sinclair C5<\/strong> est\u00e1 entre os piores carros el\u00e9tricos. Fabricado pela Sinclair Vehicles,  empresa inglesa, na d\u00e9cada de 1980, o carro era lento e na verdade tinha uma fun\u00e7\u00e3o de pedal assistido.\u00a0Os propriet\u00e1rios certamente n\u00e3o estavam viajando muito longe com cerca de 32 km de alcance.<\/p>\n\n\n\n<h3 class=\"wp-block-heading\"><strong>Peel P50<\/strong><\/h3>\n\n\n\n<figure class=\"wp-block-image size-large\"><img decoding=\"async\" width=\"1024\" height=\"768\" data-src=\"https:\/\/www.sixt.com.br\/magazine\/wp-content\/uploads\/\/sites\/15\/2023\/01\/1965_Peel_P50_The_Worlds_Smallest_Car_Lane_Motor_Museum-1024x768.jpeg\" alt=\"\" class=\"wp-image-1639 lazyload\" data-srcset=\"https:\/\/www.sixt.com.br\/magazine\/wp-content\/uploads\/\/sites\/15\/2023\/01\/1965_Peel_P50_The_Worlds_Smallest_Car_Lane_Motor_Museum-1024x768.jpeg 1024w, https:\/\/www.sixt.com.br\/magazine\/wp-content\/uploads\/\/sites\/15\/2023\/01\/1965_Peel_P50_The_Worlds_Smallest_Car_Lane_Motor_Museum-300x225.jpeg 300w, https:\/\/www.sixt.com.br\/magazine\/wp-content\/uploads\/\/sites\/15\/2023\/01\/1965_Peel_P50_The_Worlds_Smallest_Car_Lane_Motor_Museum-768x576.jpeg 768w, https:\/\/www.sixt.com.br\/magazine\/wp-content\/uploads\/\/sites\/15\/2023\/01\/1965_Peel_P50_The_Worlds_Smallest_Car_Lane_Motor_Museum-1536x1152.jpeg 1536w, https:\/\/www.sixt.com.br\/magazine\/wp-content\/uploads\/\/sites\/15\/2023\/01\/1965_Peel_P50_The_Worlds_Smallest_Car_Lane_Motor_Museum.jpeg 1600w\" data-sizes=\"(max-width: 1024px) 100vw, 1024px\" src=\"data:image\/svg+xml;base64,PHN2ZyB3aWR0aD0iMSIgaGVpZ2h0PSIxIiB4bWxucz0iaHR0cDovL3d3dy53My5vcmcvMjAwMC9zdmciPjwvc3ZnPg==\" style=\"--smush-placeholder-width: 1024px; --smush-placeholder-aspect-ratio: 1024\/768;\" \/><figcaption class=\"wp-element-caption\">P50 &#8211; Divulga\u00e7\u00e3o<\/figcaption><\/figure>\n\n\n\n<p>Fabricado pela Peel Engineering Company, montagdora inglesa, o P50 original iniciou-se na d\u00e9cada de 60. Uma vers\u00e3o remanufaturada tornou-se popular como um EV. A produ\u00e7\u00e3o incluiu modelos a gasolina com motor de 49 cc e modelos EV com motor el\u00e9trico de ciclomotor e baterias de eletr\u00f3lito gelificado. A velocidade m\u00e1xima de ambos os carros \u00e9 de cerca de 45 km\/h. <\/p>\n<!-- AddThis Advanced Settings generic via filter on the_content --><!-- AddThis Share Buttons generic via filter on the_content -->","protected":false},"excerpt":{"rendered":"<p>Quem acha que carro el\u00e9trico \u00e9 novidade esta enganado! Na d\u00e9cada de 70, algumas fabricantes j\u00e1 estavam tentando criar carros que n\u00e3o precisavam do uso da gasolina. Muitos foram descontinuados, pelo baixa autonomia e outros por dar muito, mas muito errado! Confira a nossa lista dos piores carros el\u00e9tricos &#8211; antigos &#8211; j\u00e1 fabricados, e&#8230;<!-- AddThis Advanced Settings generic via filter on get_the_excerpt --><!-- AddThis Share Buttons generic via filter on get_the_excerpt --><\/p>\n","protected":false},"author":45,"featured_media":1635,"comment_status":"open","ping_status":"open","sticky":false,"template":"","format":"standard","meta":{"_genesis_hide_title":false,"_genesis_hide_breadcrumbs":false,"_genesis_hide_singular_image":false,"_genesis_hide_footer_widgets":false,"_genesis_custom_body_class":"","_genesis_custom_post_class":"","_genesis_layout":"","ngg_post_thumbnail":0,"footnotes":""},"categories":[3],"tags":[],"class_list":{"0":"post-1634","1":"post","2":"type-post","3":"status-publish","4":"format-standard","5":"has-post-thumbnail","7":"category-noticias","8":"entry"},"yoast_head":"<!-- This site is optimized with the Yoast SEO plugin v27.1.1 - https:\/\/yoast.com\/product\/yoast-seo-wordpress\/ -->\n<title>OS 5 PIORES CARROS EL\u00c9TRICOS FEITOS NO PASSADO - Sixt Magazine<\/title>\n<meta name=\"description\" content=\"O carro el\u00e9trico nem sempre foi novidade. Conhe\u00e7a os EVs do passado e descubra os motivos pelos quais n\u00e3o foram continuados!\" \/>\n<meta name=\"robots\" content=\"index, follow, max-snippet:-1, max-image-preview:large, max-video-preview:-1\" \/>\n<link rel=\"canonical\" href=\"https:\/\/www.sixt.com.br\/magazine\/noticias\/5-piores-carros-eletricos-do-passado\/\" \/>\n<meta property=\"og:locale\" content=\"en_US\" \/>\n<meta property=\"og:type\" content=\"article\" \/>\n<meta property=\"og:title\" content=\"OS 5 PIORES CARROS EL\u00c9TRICOS FEITOS NO PASSADO - Sixt Magazine\" \/>\n<meta property=\"og:description\" content=\"O carro el\u00e9trico nem sempre foi novidade. Conhe\u00e7a os EVs do passado e descubra os motivos pelos quais n\u00e3o foram continuados!\" \/>\n<meta property=\"og:url\" content=\"https:\/\/www.sixt.com.br\/magazine\/noticias\/5-piores-carros-eletricos-do-passado\/\" \/>\n<meta property=\"og:site_name\" content=\"Sixt Brasil Magazine\" \/>\n<meta property=\"article:published_time\" content=\"2023-01-11T12:42:13+00:00\" \/>\n<meta property=\"article:modified_time\" content=\"2023-01-11T12:43:16+00:00\" \/>\n<meta property=\"og:image\" content=\"https:\/\/www.sixt.com.br\/magazine\/wp-content\/uploads\/\/sites\/15\/2023\/01\/1976_Citicar_6HP.jpeg\" \/>\n\t<meta property=\"og:image:width\" content=\"1578\" \/>\n\t<meta property=\"og:image:height\" content=\"1200\" \/>\n\t<meta property=\"og:image:type\" content=\"image\/jpeg\" \/>\n<meta name=\"twitter:card\" content=\"summary_large_image\" \/>\n<meta name=\"twitter:label1\" content=\"Written by\" \/>\n\t<meta name=\"twitter:data1\" content=\"\" \/>\n\t<meta name=\"twitter:label2\" content=\"Est. reading time\" \/>\n\t<meta name=\"twitter:data2\" content=\"3 minutes\" \/>\n<!-- \/ Yoast SEO plugin. -->","yoast_head_json":{"title":"OS 5 PIORES CARROS EL\u00c9TRICOS FEITOS NO PASSADO - Sixt Magazine","description":"O carro el\u00e9trico nem sempre foi novidade. Conhe\u00e7a os EVs do passado e descubra os motivos pelos quais n\u00e3o foram continuados!","robots":{"index":"index","follow":"follow","max-snippet":"max-snippet:-1","max-image-preview":"max-image-preview:large","max-video-preview":"max-video-preview:-1"},"canonical":"https:\/\/www.sixt.com.br\/magazine\/noticias\/5-piores-carros-eletricos-do-passado\/","og_locale":"en_US","og_type":"article","og_title":"OS 5 PIORES CARROS EL\u00c9TRICOS FEITOS NO PASSADO - Sixt Magazine","og_description":"O carro el\u00e9trico nem sempre foi novidade. Conhe\u00e7a os EVs do passado e descubra os motivos pelos quais n\u00e3o foram continuados!","og_url":"https:\/\/www.sixt.com.br\/magazine\/noticias\/5-piores-carros-eletricos-do-passado\/","og_site_name":"Sixt Brasil Magazine","article_published_time":"2023-01-11T12:42:13+00:00","article_modified_time":"2023-01-11T12:43:16+00:00","og_image":[{"width":1578,"height":1200,"url":"https:\/\/www.sixt.com.br\/magazine\/wp-content\/uploads\/\/sites\/15\/2023\/01\/1976_Citicar_6HP.jpeg","type":"image\/jpeg"}],"twitter_card":"summary_large_image","twitter_misc":{"Written by":"","Est. reading time":"3 minutes"},"schema":{"@context":"https:\/\/schema.org","@graph":[{"@type":"Article","@id":"https:\/\/www.sixt.com.br\/magazine\/noticias\/5-piores-carros-eletricos-do-passado\/#article","isPartOf":{"@id":"https:\/\/www.sixt.com.br\/magazine\/noticias\/5-piores-carros-eletricos-do-passado\/"},"author":{"name":"","@id":""},"headline":"OS 5 PIORES CARROS EL\u00c9TRICOS FEITOS NO PASSADO","datePublished":"2023-01-11T12:42:13+00:00","dateModified":"2023-01-11T12:43:16+00:00","mainEntityOfPage":{"@id":"https:\/\/www.sixt.com.br\/magazine\/noticias\/5-piores-carros-eletricos-do-passado\/"},"wordCount":374,"commentCount":0,"image":{"@id":"https:\/\/www.sixt.com.br\/magazine\/noticias\/5-piores-carros-eletricos-do-passado\/#primaryimage"},"thumbnailUrl":"https:\/\/www.sixt.com.br\/magazine\/wp-content\/uploads\/\/sites\/15\/2023\/01\/1976_Citicar_6HP.jpeg","articleSection":["Not\u00edcias"],"inLanguage":"en-US","potentialAction":[{"@type":"CommentAction","name":"Comment","target":["https:\/\/www.sixt.com.br\/magazine\/noticias\/5-piores-carros-eletricos-do-passado\/#respond"]}]},{"@type":"WebPage","@id":"https:\/\/www.sixt.com.br\/magazine\/noticias\/5-piores-carros-eletricos-do-passado\/","url":"https:\/\/www.sixt.com.br\/magazine\/noticias\/5-piores-carros-eletricos-do-passado\/","name":"OS 5 PIORES CARROS EL\u00c9TRICOS FEITOS NO PASSADO - Sixt Magazine","isPartOf":{"@id":"https:\/\/www.sixt.com.br\/magazine\/#website"},"primaryImageOfPage":{"@id":"https:\/\/www.sixt.com.br\/magazine\/noticias\/5-piores-carros-eletricos-do-passado\/#primaryimage"},"image":{"@id":"https:\/\/www.sixt.com.br\/magazine\/noticias\/5-piores-carros-eletricos-do-passado\/#primaryimage"},"thumbnailUrl":"https:\/\/www.sixt.com.br\/magazine\/wp-content\/uploads\/\/sites\/15\/2023\/01\/1976_Citicar_6HP.jpeg","datePublished":"2023-01-11T12:42:13+00:00","dateModified":"2023-01-11T12:43:16+00:00","author":{"@id":""},"description":"O carro el\u00e9trico nem sempre foi novidade. Conhe\u00e7a os EVs do passado e descubra os motivos pelos quais n\u00e3o foram continuados!","breadcrumb":{"@id":"https:\/\/www.sixt.com.br\/magazine\/noticias\/5-piores-carros-eletricos-do-passado\/#breadcrumb"},"inLanguage":"en-US","potentialAction":[{"@type":"ReadAction","target":["https:\/\/www.sixt.com.br\/magazine\/noticias\/5-piores-carros-eletricos-do-passado\/"]}]},{"@type":"ImageObject","inLanguage":"en-US","@id":"https:\/\/www.sixt.com.br\/magazine\/noticias\/5-piores-carros-eletricos-do-passado\/#primaryimage","url":"https:\/\/www.sixt.com.br\/magazine\/wp-content\/uploads\/\/sites\/15\/2023\/01\/1976_Citicar_6HP.jpeg","contentUrl":"https:\/\/www.sixt.com.br\/magazine\/wp-content\/uploads\/\/sites\/15\/2023\/01\/1976_Citicar_6HP.jpeg","width":1578,"height":1200},{"@type":"BreadcrumbList","@id":"https:\/\/www.sixt.com.br\/magazine\/noticias\/5-piores-carros-eletricos-do-passado\/#breadcrumb","itemListElement":[{"@type":"ListItem","position":1,"name":"Home","item":"https:\/\/www.sixt.com.br\/magazine\/"},{"@type":"ListItem","position":2,"name":"OS 5 PIORES CARROS EL\u00c9TRICOS FEITOS NO PASSADO"}]},{"@type":"WebSite","@id":"https:\/\/www.sixt.com.br\/magazine\/#website","url":"https:\/\/www.sixt.com.br\/magazine\/","name":"Sixt Brasil Magazine","description":"Dicas de viagem e not\u00edcias da Sixt","potentialAction":[{"@type":"SearchAction","target":{"@type":"EntryPoint","urlTemplate":"https:\/\/www.sixt.com.br\/magazine\/?s={search_term_string}"},"query-input":{"@type":"PropertyValueSpecification","valueRequired":true,"valueName":"search_term_string"}}],"inLanguage":"en-US"},{"@type":"Person","@id":"","url":"https:\/\/www.sixt.com.br\/magazine\/author\/"}]}},"_links":{"self":[{"href":"https:\/\/www.sixt.com.br\/magazine\/wp-json\/wp\/v2\/posts\/1634","targetHints":{"allow":["GET"]}}],"collection":[{"href":"https:\/\/www.sixt.com.br\/magazine\/wp-json\/wp\/v2\/posts"}],"about":[{"href":"https:\/\/www.sixt.com.br\/magazine\/wp-json\/wp\/v2\/types\/post"}],"author":[{"embeddable":true,"href":"https:\/\/www.sixt.com.br\/magazine\/wp-json\/wp\/v2\/users\/45"}],"replies":[{"embeddable":true,"href":"https:\/\/www.sixt.com.br\/magazine\/wp-json\/wp\/v2\/comments?post=1634"}],"version-history":[{"count":0,"href":"https:\/\/www.sixt.com.br\/magazine\/wp-json\/wp\/v2\/posts\/1634\/revisions"}],"wp:featuredmedia":[{"embeddable":true,"href":"https:\/\/www.sixt.com.br\/magazine\/wp-json\/wp\/v2\/media\/1635"}],"wp:attachment":[{"href":"https:\/\/www.sixt.com.br\/magazine\/wp-json\/wp\/v2\/media?parent=1634"}],"wp:term":[{"taxonomy":"category","embeddable":true,"href":"https:\/\/www.sixt.com.br\/magazine\/wp-json\/wp\/v2\/categories?post=1634"},{"taxonomy":"post_tag","embeddable":true,"href":"https:\/\/www.sixt.com.br\/magazine\/wp-json\/wp\/v2\/tags?post=1634"}],"curies":[{"name":"wp","href":"https:\/\/api.w.org\/{rel}","templated":true}]}}