{"id":1628,"date":"2022-12-29T16:07:31","date_gmt":"2022-12-29T16:07:31","guid":{"rendered":"https:\/\/www.sixt.com.br\/magazine\/?p=1628"},"modified":"2022-12-29T16:09:32","modified_gmt":"2022-12-29T16:09:32","slug":"o-que-ver-em-lisboa-no-inverno","status":"publish","type":"post","link":"https:\/\/www.sixt.com.br\/magazine\/noticias\/o-que-ver-em-lisboa-no-inverno\/","title":{"rendered":"O QUE VER EM LISBOA NO INVERNO"},"content":{"rendered":"\n<p>J\u00e1 pensou em visitar\u00a0<strong>Lisboa no inverno<\/strong>?\u00a0Gra\u00e7as ao seu clima mediterr\u00e2nico, Lisboa tem\u00a0<strong>temperaturas amenas<\/strong>\u00a0mesmo nos meses mais frios, com m\u00ednimas de 9\u00b0 e m\u00e1ximas de 19\u00b0 graus.\u00a0Al\u00e9m disso, o inverno \u00e9 considerado\u00a0<strong>baixa temporada<\/strong>, sem tanta gente perambulando pelas ruas como na alta.\u00a0Ent\u00e3o vamos descobrir o\u00a0<strong>que ver em <a href=\"https:\/\/www.sixt.com.br\/aluguel-de-carro\/portugal\/lisboa\" target=\"_blank\" rel=\"noreferrer noopener\">Lisboa<\/a> no inverno<\/strong>.<\/p>\n\n\n\n<h2 class=\"wp-block-heading\" id=\"stop_1\">UM PASSEIO NO CENTRO<\/h2>\n\n\n\n<figure class=\"wp-block-image\"><img decoding=\"async\" data-src=\"https:\/\/www.sixt.it\/magazine\/wp-content\/uploads\/\/sites\/8\/2022\/12\/shutterstock_355516580-1.jpg\" alt=\"Lisboa no inverno.  O que fazer e o que ver em Lisboa, o centro hist\u00f3rico\n\" class=\"wp-image-7806 lazyload\" src=\"data:image\/svg+xml;base64,PHN2ZyB3aWR0aD0iMSIgaGVpZ2h0PSIxIiB4bWxucz0iaHR0cDovL3d3dy53My5vcmcvMjAwMC9zdmciPjwvc3ZnPg==\" \/><figcaption class=\"wp-element-caption\">Ilumina\u00e7\u00f5es nas ruas do centro de Lisboa. Foto de <a href=\"https:\/\/www.shutterstock.com\/de\/g\/Olga+Larina\" target=\"_blank\" rel=\"noreferrer noopener\">Olga Moreira<\/a><\/figcaption><\/figure>\n\n\n\n<p>O que fazer em Lisboa no inverno sen\u00e3o passear pelo centro?&nbsp;Se as temperaturas o permitirem, explore a cidade a p\u00e9, talvez aproveitando as horas de luz do dia.&nbsp;Parta de&nbsp;<strong>Alfama<\/strong>.&nbsp;Este \u00e9 o bairro mais antigo da cidade e \u00e9 caracterizado por becos estreitos e casas amontoadas.&nbsp;Aqui voc\u00ea pode visitar muitas igrejas, incluindo: a&nbsp;<strong>S\u00e9 de Lisboa<\/strong>, a&nbsp;<strong>Igreja de Santo Antonio<\/strong>, a&nbsp;<strong>Igreja de S\u00e3o Jo\u00e3o da Pra\u00e7a<\/strong>, a&nbsp;<strong>Igreja de Santa Luzia<\/strong>&nbsp;e a&nbsp;<strong>Igreja de Santiago<\/strong>.<\/p>\n\n\n\n<p>O bairro <strong>baixo<\/strong>&nbsp;\u00e9, ao contr\u00e1rio, o mais elegante da cidade.&nbsp;Aqui encontra algumas das pastelarias mais famosas de Lisboa, bem como no&nbsp;<strong>Chiado<\/strong>, bairro adjacente famoso pelas suas lojas e pela est\u00e1tua de Pessoa.&nbsp;Finalmente o&nbsp;<strong>Bairro Alto<\/strong>, onde voc\u00ea pode pegar o funicular&nbsp; Elevador&nbsp;<strong>da<\/strong>&nbsp;Gl\u00f3ria e chegar ao ponto panor\u00e2mico do&nbsp;&nbsp;<strong>Jardim de S\u00e3o Pedro de Alc\u00e2ntara<\/strong>&nbsp;em poucos minutos.&nbsp;Este \u00e9 tamb\u00e9m o bairro mais animado \u00e0 noite.<\/p>\n\n\n\n<h2 class=\"wp-block-heading\" id=\"stop_2\">PASSEIO NO BONDE N\u00ba 28<\/h2>\n\n\n\n<figure class=\"wp-block-image\"><img decoding=\"async\" data-src=\"https:\/\/www.sixt.it\/magazine\/wp-content\/uploads\/\/sites\/8\/2022\/12\/shutterstock_771773296-1.jpg\" alt=\"O que fazer em Lisboa no inverno, andar de bonde n 28\" class=\"wp-image-7807 lazyload\" src=\"data:image\/svg+xml;base64,PHN2ZyB3aWR0aD0iMSIgaGVpZ2h0PSIxIiB4bWxucz0iaHR0cDovL3d3dy53My5vcmcvMjAwMC9zdmciPjwvc3ZnPg==\" \/><figcaption class=\"wp-element-caption\">Bonde n\u00ba 28. Foto de <a href=\"https:\/\/www.shutterstock.com\/de\/g\/sergeialyoshin\" target=\"_blank\" rel=\"noreferrer noopener\">Sergey Aleshin<\/a><\/figcaption><\/figure>\n\n\n\n<p>Se preferir ver a cidade por outra perspetiva, n\u00e3o pode deixar de passear no hist\u00f3rico&nbsp;<strong>el\u00e9trico n\u00ba 28<\/strong>.&nbsp;Entre as atra\u00e7\u00f5es de Lisboa esta \u00e9 talvez uma das mais ic\u00f3nicas.&nbsp;Na verdade, os bondes s\u00e3o um daqueles elementos que resistiram estoicamente \u00e0 modernidade.&nbsp;De cor amarela ou vermelha, sobem as encostas de Lisboa.&nbsp;E embora n\u00e3o sejam o meio de transporte mais popular, s\u00e3o populares entre os moradores e turistas.&nbsp;A linha de el\u00e9ctrico 28 liga&nbsp;<strong>Matrim Moniz a Campo Ourique<\/strong>&nbsp;e passa pelos famosos bairros tur\u00edsticos da&nbsp;<strong>Gra\u00e7a, Alfama, Baixa e Estrela.&nbsp;<\/strong>Uma maneira realmente barata de descobrir os pontos tur\u00edsticos da cidade, sentado no calor.<\/p>\n\n\n\n<h2 class=\"wp-block-heading\" id=\"stop_3\">PROVE A PASTELARIA LOCAL<\/h2>\n\n\n\n<figure class=\"wp-block-image\"><img decoding=\"async\" data-src=\"https:\/\/www.sixt.it\/magazine\/wp-content\/uploads\/\/sites\/8\/2022\/12\/shutterstock_1472140250-1.jpg\" alt=\"O que comer em Lisboa, Pasteles de Bel\u00e9m\" class=\"wp-image-7808 lazyload\" src=\"data:image\/svg+xml;base64,PHN2ZyB3aWR0aD0iMSIgaGVpZ2h0PSIxIiB4bWxucz0iaHR0cDovL3d3dy53My5vcmcvMjAwMC9zdmciPjwvc3ZnPg==\" \/><figcaption class=\"wp-element-caption\">Past\u00e9is de Bel\u00e9m.&nbsp;Foto de <a href=\"https:\/\/www.shutterstock.com\/de\/g\/OZGIOUN+SAMPRI\" target=\"_blank\" rel=\"noreferrer noopener\">OZGIOUN SAMPRI<\/a><\/figcaption><\/figure>\n\n\n\n<p>Uma coisa a fazer em Lisboa no inverno \u00e9 definitivamente&nbsp;<strong>lanchar num caf\u00e9<\/strong>&nbsp;.&nbsp;Entre uma visita e outra nada melhor do que uma pausa para aquecer e recarregar as energias.&nbsp;Porque n\u00e3o aproveitar para provar as especialidades locais?&nbsp;<strong>Queijadas de Sintra<\/strong>,&nbsp;<strong>Bolo de Chocolate<\/strong>,&nbsp;<strong>Past\u00e9is de Bel\u00e9m<\/strong>&nbsp;e muitos outros esperam por si em todos os bares, pastelarias e caf\u00e9s da cidade.&nbsp;Dentre eles recomendamos a <a href=\"https:\/\/lojascomhistoria.pt\/lojas\/casa-pereira-da-conceicao\" target=\"_blank\" rel=\"noreferrer noopener\">Casa Pereira da Concei\u00e7\u00e3o<\/a>, <a href=\"https:\/\/www.instagram.com\/manteigarialisboa_vilaolimpia\/?hl=en\" target=\"_blank\" rel=\"noreferrer noopener\">Caf\u00e9 A Manteigaria<\/a> ou a <a href=\"https:\/\/confeitarianacional.com\/\" target=\"_blank\" rel=\"noreferrer noopener\">confeitaria nacional<\/a>.<\/p>\n\n\n\n<h2 class=\"wp-block-heading\" id=\"stop_4\">UM PASSEIO PELOS MUSEUS DE LISBOA<\/h2>\n\n\n\n<p>O que fazer em Lisboa no inverno?&nbsp;<strong>Visitar os museus da cidade<\/strong>&nbsp;\u00e9 certamente uma forma de fugir das temperaturas mais baixas.&nbsp;Se voc\u00ea quiser mergulhar na cultura local, recomendamos:<\/p>\n\n\n\n<ul class=\"wp-block-list\">\n<li><a href=\"https:\/\/www.museudofado.pt\/\" target=\"_blank\" rel=\"noreferrer noopener\">Museu do Fado<\/a><\/li>\n\n\n\n<li><a href=\"https:\/\/amaliarodrigues.pt\/pt\/casa-museu\/\" target=\"_blank\" rel=\"noreferrer noopener\">Funda\u00e7\u00e3o Am\u00e1lia Rodrigues<\/a><\/li>\n\n\n\n<li><a href=\"https:\/\/www.lisbona.info\/cosa-vedere-lisbona\/museo-azulejos\/\" target=\"_blank\" rel=\"noreferrer noopener\">Museu dos Azulejos<\/a><\/li>\n<\/ul>\n\n\n\n<p>Se voc\u00ea \u00e9 um amante da arte, no entanto, recomendamos:<\/p>\n\n\n\n<ul class=\"wp-block-list\">\n<li><a href=\"https:\/\/www.museudearteantiga.pt\/\" target=\"_blank\" rel=\"noreferrer noopener\">MNAA \u2013 Museu Nacional de Arte Antiga<\/a><\/li>\n\n\n\n<li><a href=\"https:\/\/gulbenkian.pt\/museu\/en\/\" target=\"_blank\" rel=\"noreferrer noopener\">Museu Calouste Gulbenkian<\/a><\/li>\n\n\n\n<li><a href=\"https:\/\/www.maat.pt\/\" target=\"_blank\" rel=\"noreferrer noopener\">MAAT<\/a><\/li>\n<\/ul>\n\n\n\n<p>estes e <a href=\"https:\/\/www.lisbona.info\/cosa-vedere-lisbona\/musei-lisbona\/\" target=\"_blank\" rel=\"noreferrer noopener\">outros museus<\/a> esperam por si nos dias frios de inverno em Lisboa.&nbsp;Al\u00e9m disso, se voc\u00ea deseja uma solu\u00e7\u00e3o f\u00e1cil e barata para visitar os museus e circular livremente pela cidade, aconselhamos que voc\u00ea fa\u00e7a o <a href=\"https:\/\/www.lisboacard.org\/\" target=\"_blank\" rel=\"noreferrer noopener\">Lisboa Card<\/a>.<\/p>\n\n\n\n<figure class=\"wp-block-image\"><img decoding=\"async\" data-src=\"https:\/\/www.sixt.it\/magazine\/wp-content\/uploads\/\/sites\/8\/2022\/12\/shutterstock_86309041-1.jpg\" alt=\"azulejo tradicional, Lisboa\" class=\"wp-image-7809 lazyload\" src=\"data:image\/svg+xml;base64,PHN2ZyB3aWR0aD0iMSIgaGVpZ2h0PSIxIiB4bWxucz0iaHR0cDovL3d3dy53My5vcmcvMjAwMC9zdmciPjwvc3ZnPg==\" \/><figcaption class=\"wp-element-caption\">Azulejo famoso na igreja de S\u00e3o Vicente de Fora em Lisboa.&nbsp;Foto de <a href=\"https:\/\/www.shutterstock.com\/de\/g\/mlehmann\" target=\"_blank\" rel=\"noreferrer noopener\">Martin Lehmann<\/a><\/figcaption><\/figure>\n\n\n\n<h2 class=\"wp-block-heading\" id=\"stop_6\">CARNAVAL EM LISBOA<\/h2>\n\n\n\n<p>Entre fevereiro e mar\u00e7o, Lisboa ganha vida com eventos, festas e m\u00e1scaras coloridas.&nbsp;O Carnaval de Lisboa, ou Entrudo, \u00e9 uma festa muito sentida.&nbsp;As ruas da cidade s\u00e3o atravessadas por&nbsp;<strong>desfiles de carros aleg\u00f3ricos mascarados<\/strong>&nbsp;e as pra\u00e7as enchem-se de gente num contagiante ambiente festivo.&nbsp;No&nbsp;<strong>Bairro Alto<\/strong>&nbsp;e no&nbsp;<strong>Cais do Sodr\u00e9<\/strong>&nbsp;&nbsp;os cariocas costumam viver as festas montando os seus espa\u00e7os tem\u00e1ticos.&nbsp;Todos os anos no&nbsp;<strong>Parque das Na\u00e7\u00f5es<\/strong>&nbsp;s\u00e3o organizados eventos, festas e exposi\u00e7\u00f5es para crian\u00e7as e fam\u00edlias.<\/p>\n\n\n\n<h2 class=\"wp-block-heading\" id=\"stop_7\">OCEAN\u00c1RIO DE LISBOA<\/h2>\n\n\n\n<figure class=\"wp-block-image\"><img decoding=\"async\" data-src=\"https:\/\/www.sixt.it\/magazine\/wp-content\/uploads\/\/sites\/8\/2022\/12\/shutterstock_1177162027-1.jpg\" alt=\"O que fazer em Lisboa quando chove.  carnaval em lisboa\" class=\"wp-image-7811 lazyload\" src=\"data:image\/svg+xml;base64,PHN2ZyB3aWR0aD0iMSIgaGVpZ2h0PSIxIiB4bWxucz0iaHR0cDovL3d3dy53My5vcmcvMjAwMC9zdmciPjwvc3ZnPg==\" \/><figcaption class=\"wp-element-caption\">Aqu\u00e1rio de Lisboa.&nbsp;Foto de <a href=\"https:\/\/www.shutterstock.com\/de\/g\/MandriaPix\" target=\"_blank\" rel=\"noreferrer noopener\">MandriaPixName<\/a><\/figcaption><\/figure>\n\n\n\n<p>O que fazer em Lisboa quando chove?&nbsp;E o que fazer em Lisboa com crian\u00e7as?&nbsp;Temos uma resposta para todas as suas perguntas.&nbsp;Se procura uma experi\u00eancia interessante mas interior, o <a href=\"https:\/\/www.oceanario.pt\/\" target=\"_blank\" rel=\"noreferrer noopener\">Ocean\u00e1rio<\/a> de Lisboa \u00e9 o lugar certo para voc\u00ea.&nbsp;Este \u00e9&nbsp;<strong>um dos maiores aqu\u00e1rios do mundo<\/strong>.&nbsp;Abriga&nbsp;<strong>15 mil seres vivos<\/strong>&nbsp;entre animais e plantas, pertencentes a&nbsp;<strong>450 esp\u00e9cies diferentes<\/strong>.&nbsp;Mergulhe em um mundo magn\u00edfico e descubra muitas informa\u00e7\u00f5es sobre o mundo do abismo.<\/p>\n\n\n\n<h2 class=\"wp-block-heading\" id=\"stop_8\">UM PASSEIO NO MERCADO DA RIBEIRA<\/h2>\n\n\n\n<figure class=\"wp-block-image\"><img decoding=\"async\" data-src=\"https:\/\/www.sixt.it\/magazine\/wp-content\/uploads\/\/sites\/8\/2022\/12\/shutterstock_1115915201-1.jpg\" alt=\"Onde comer em Lisboa, Mercado da Ribeira\" class=\"wp-image-7812 lazyload\" src=\"data:image\/svg+xml;base64,PHN2ZyB3aWR0aD0iMSIgaGVpZ2h0PSIxIiB4bWxucz0iaHR0cDovL3d3dy53My5vcmcvMjAwMC9zdmciPjwvc3ZnPg==\" \/><figcaption class=\"wp-element-caption\">Mosaico \u00e0 entrada do Mercado da Ribeira.\u00a0Foto de <a href=\"https:\/\/www.shutterstock.com\/de\/g\/Joseyyo\" target=\"_blank\" rel=\"noreferrer noopener\">Jose y yo Est\u00fadio<\/a><\/figcaption><\/figure>\n\n\n\n<p>\u00c9 realmente verdade.&nbsp;N\u00e3o h\u00e1 melhor forma de conhecer um pa\u00eds do que atrav\u00e9s da sua gastronomia.&nbsp;Se quiser mergulhar na tradi\u00e7\u00e3o portuguesa, n\u00e3o pode deixar de ir ao&nbsp;<strong>Mercado da Ribeira.&nbsp;<\/strong>O mercado foi inaugurado em 1\u00ba de janeiro de 1882 como um mercado para atacadistas.&nbsp;Ap\u00f3s o inc\u00eandio de 1893, v\u00e1rias modifica\u00e7\u00f5es levaram-no a ter o aspecto que vemos hoje.&nbsp;Em 2001 o espa\u00e7o foi utilizado como mercado de alimentos.&nbsp;Al\u00e9m de ser um ponto de refer\u00eancia para todos os amantes da gastronomia, o Mercado da Ribeira tornou-se um verdadeiro ambiente cultural onde restauradores e artes\u00e3os exp\u00f5em os seus produtos.&nbsp;Hoje, al\u00e9m das barracas hist\u00f3ricas, voc\u00ea encontra quase 30 restaurantes, 8 bares e uma dezena de lojinhas.&nbsp;Se procura um s\u00edtio para comer em Lisboa o Mercado da Ribeira n\u00e3o o ir\u00e1 desiludir.<\/p>\n\n\n\n<h2 class=\"wp-block-heading\" id=\"stop_9\">UMA VIAGEM A SINTRA<\/h2>\n\n\n\n<figure class=\"wp-block-image\"><img decoding=\"async\" data-src=\"https:\/\/www.sixt.it\/magazine\/wp-content\/uploads\/\/sites\/8\/2022\/12\/shutterstock_1123216643-1-1024x690.jpg\" alt=\"O que ver em Lisboa, o Pal\u00e1cio da Pena em Sintra\" class=\"wp-image-7813 lazyload\" src=\"data:image\/svg+xml;base64,PHN2ZyB3aWR0aD0iMSIgaGVpZ2h0PSIxIiB4bWxucz0iaHR0cDovL3d3dy53My5vcmcvMjAwMC9zdmciPjwvc3ZnPg==\" style=\"--smush-placeholder-width: 1024px; --smush-placeholder-aspect-ratio: 1024\/690;\" \/><figcaption class=\"wp-element-caption\">Pal\u00e1cio da Pena em Sintra.&nbsp;Foto de <a href=\"https:\/\/www.shutterstock.com\/de\/g\/yasonya\" target=\"_blank\" rel=\"noreferrer noopener\">Yasonya<\/a><\/figcaption><\/figure>\n\n\n\n<p>A menos de 30 quil\u00f3metros de Lisboa, pode visitar&nbsp;<strong>Sintra<\/strong>.&nbsp;Se procura uma alternativa \u00e0s habituais atra\u00e7\u00f5es de Lisboa, Sintra n\u00e3o o ir\u00e1 desiludir.&nbsp;N\u00e3o \u00e9 por acaso que nomes ilustres como&nbsp;<strong>Hans Christian Andersen<\/strong>&nbsp;e o poeta ingl\u00eas&nbsp;<strong>Lord Byron<\/strong>&nbsp;se encantaram por ela.&nbsp;A atmosfera buc\u00f3lica que envolve este lugar \u00e9 desarmante.&nbsp;Em Sintra e arredores, encontrar\u00e1 belas paisagens naturais, imensos bosques e parques, majestosos pal\u00e1cios, extravagantes castelos e moradias que parecem sa\u00eddas de um livro de hist\u00f3rias.&nbsp;N\u00e3o perca o&nbsp;<strong>Pal\u00e1cio da Pena em Sintra<\/strong>, eleito patrim\u00f3nio da UNESCO, o&nbsp;<strong>Castelo dos Mouros<\/strong>, o&nbsp;<strong>Pal\u00e1cio Nacional de Sintra<\/strong>.<\/p>\n\n\n\n<h2 class=\"wp-block-heading\" id=\"stop_10\">UM DIA NO CABO DA ROCA<\/h2>\n\n\n\n<figure class=\"wp-block-image\"><img decoding=\"async\" data-src=\"https:\/\/www.sixt.it\/magazine\/wp-content\/uploads\/\/sites\/8\/2022\/12\/shutterstock_2203707861-1.jpg\" alt=\"O que ver em Lisboa, Cabo da Roca.\" class=\"wp-image-7814 lazyload\" src=\"data:image\/svg+xml;base64,PHN2ZyB3aWR0aD0iMSIgaGVpZ2h0PSIxIiB4bWxucz0iaHR0cDovL3d3dy53My5vcmcvMjAwMC9zdmciPjwvc3ZnPg==\" \/><figcaption class=\"wp-element-caption\">Vista a\u00e9rea do farol do Cabo da Roca.&nbsp;Foto de <a href=\"https:\/\/www.shutterstock.com\/de\/g\/AlexandreRotenberg\" target=\"_blank\" rel=\"noreferrer noopener\">Alexandre Rotemberg<\/a><\/figcaption><\/figure>\n\n\n\n<p><strong>O Cabo da Roca<\/strong>&nbsp;n\u00e3o pode ser melhor descrito: aqui\u2026 onde a terra acaba e o mar come\u00e7a.&nbsp;Este \u00e9 de fato o ponto mais ocidental da Europa.&nbsp;E embora n\u00e3o haja muitos monumentos para ver, eles definitivamente valem a pena.&nbsp;\u00c9 um promont\u00f3rio de 150 m de altura que mergulha direto no Oceano Atl\u00e2ntico.&nbsp;Esta paisagem naturalista \u00e9 verdadeiramente \u00fanica e surge emoldurada por uma atmosfera selvagem e \u00e9pica.&nbsp;N\u00e3o perca a oportunidade de visitar o que j\u00e1 foi considerado&nbsp;<strong>o limite do mundo<\/strong>.<\/p>\n<!-- AddThis Advanced Settings generic via filter on the_content --><!-- AddThis Share Buttons generic via filter on the_content -->","protected":false},"excerpt":{"rendered":"<p>J\u00e1 pensou em visitar\u00a0Lisboa no inverno?\u00a0Gra\u00e7as ao seu clima mediterr\u00e2nico, Lisboa tem\u00a0temperaturas amenas\u00a0mesmo nos meses mais frios, com m\u00ednimas de 9\u00b0 e m\u00e1ximas de 19\u00b0 graus.\u00a0Al\u00e9m disso, o inverno \u00e9 considerado\u00a0baixa temporada, sem tanta gente perambulando pelas ruas como na alta.\u00a0Ent\u00e3o vamos descobrir o\u00a0que ver em Lisboa no inverno. UM PASSEIO NO CENTRO O que&#8230;<!-- AddThis Advanced Settings generic via filter on get_the_excerpt --><!-- AddThis Share Buttons generic via filter on get_the_excerpt --><\/p>\n","protected":false},"author":45,"featured_media":1631,"comment_status":"open","ping_status":"open","sticky":false,"template":"","format":"standard","meta":{"_genesis_hide_title":false,"_genesis_hide_breadcrumbs":false,"_genesis_hide_singular_image":false,"_genesis_hide_footer_widgets":false,"_genesis_custom_body_class":"","_genesis_custom_post_class":"","_genesis_layout":"","ngg_post_thumbnail":0,"footnotes":""},"categories":[4,3],"tags":[],"class_list":{"0":"post-1628","1":"post","2":"type-post","3":"status-publish","4":"format-standard","5":"has-post-thumbnail","7":"category-guias","8":"category-noticias","9":"entry"},"yoast_head":"<!-- This site is optimized with the Yoast SEO plugin v27.1.1 - https:\/\/yoast.com\/product\/yoast-seo-wordpress\/ -->\n<title>O QUE VER EM LISBOA NO INVERNO - Sixt Magazine<\/title>\n<meta name=\"description\" content=\"Aproveite Lisboa no inverno com as dicas da Sixt! Viajando para Portugal no inverno pode ser uma otima ideia!\" \/>\n<meta name=\"robots\" content=\"index, follow, max-snippet:-1, max-image-preview:large, max-video-preview:-1\" \/>\n<link rel=\"canonical\" href=\"https:\/\/www.sixt.com.br\/magazine\/noticias\/o-que-ver-em-lisboa-no-inverno\/\" \/>\n<meta property=\"og:locale\" content=\"en_US\" \/>\n<meta property=\"og:type\" content=\"article\" \/>\n<meta property=\"og:title\" content=\"O QUE VER EM LISBOA NO INVERNO - Sixt Magazine\" \/>\n<meta property=\"og:description\" content=\"Aproveite Lisboa no inverno com as dicas da Sixt! Viajando para Portugal no inverno pode ser uma otima ideia!\" \/>\n<meta property=\"og:url\" content=\"https:\/\/www.sixt.com.br\/magazine\/noticias\/o-que-ver-em-lisboa-no-inverno\/\" \/>\n<meta property=\"og:site_name\" content=\"Sixt Brasil Magazine\" \/>\n<meta property=\"article:published_time\" content=\"2022-12-29T16:07:31+00:00\" \/>\n<meta property=\"article:modified_time\" content=\"2022-12-29T16:09:32+00:00\" \/>\n<meta property=\"og:image\" content=\"https:\/\/www.sixt.com.br\/magazine\/wp-content\/uploads\/\/sites\/15\/2022\/12\/shutterstock_2203707861-1.jpg\" \/>\n\t<meta property=\"og:image:width\" content=\"1100\" \/>\n\t<meta property=\"og:image:height\" content=\"733\" \/>\n\t<meta property=\"og:image:type\" content=\"image\/jpeg\" \/>\n<meta name=\"twitter:card\" content=\"summary_large_image\" \/>\n<meta name=\"twitter:label1\" content=\"Written by\" \/>\n\t<meta name=\"twitter:data1\" content=\"\" \/>\n\t<meta name=\"twitter:label2\" content=\"Est. reading time\" \/>\n\t<meta name=\"twitter:data2\" content=\"7 minutes\" \/>\n<!-- \/ Yoast SEO plugin. -->","yoast_head_json":{"title":"O QUE VER EM LISBOA NO INVERNO - Sixt Magazine","description":"Aproveite Lisboa no inverno com as dicas da Sixt! Viajando para Portugal no inverno pode ser uma otima ideia!","robots":{"index":"index","follow":"follow","max-snippet":"max-snippet:-1","max-image-preview":"max-image-preview:large","max-video-preview":"max-video-preview:-1"},"canonical":"https:\/\/www.sixt.com.br\/magazine\/noticias\/o-que-ver-em-lisboa-no-inverno\/","og_locale":"en_US","og_type":"article","og_title":"O QUE VER EM LISBOA NO INVERNO - Sixt Magazine","og_description":"Aproveite Lisboa no inverno com as dicas da Sixt! Viajando para Portugal no inverno pode ser uma otima ideia!","og_url":"https:\/\/www.sixt.com.br\/magazine\/noticias\/o-que-ver-em-lisboa-no-inverno\/","og_site_name":"Sixt Brasil Magazine","article_published_time":"2022-12-29T16:07:31+00:00","article_modified_time":"2022-12-29T16:09:32+00:00","og_image":[{"width":1100,"height":733,"url":"https:\/\/www.sixt.com.br\/magazine\/wp-content\/uploads\/\/sites\/15\/2022\/12\/shutterstock_2203707861-1.jpg","type":"image\/jpeg"}],"twitter_card":"summary_large_image","twitter_misc":{"Written by":"","Est. reading time":"7 minutes"},"schema":{"@context":"https:\/\/schema.org","@graph":[{"@type":"Article","@id":"https:\/\/www.sixt.com.br\/magazine\/noticias\/o-que-ver-em-lisboa-no-inverno\/#article","isPartOf":{"@id":"https:\/\/www.sixt.com.br\/magazine\/noticias\/o-que-ver-em-lisboa-no-inverno\/"},"author":{"name":"","@id":""},"headline":"O QUE VER EM LISBOA NO INVERNO","datePublished":"2022-12-29T16:07:31+00:00","dateModified":"2022-12-29T16:09:32+00:00","mainEntityOfPage":{"@id":"https:\/\/www.sixt.com.br\/magazine\/noticias\/o-que-ver-em-lisboa-no-inverno\/"},"wordCount":1271,"commentCount":0,"image":{"@id":"https:\/\/www.sixt.com.br\/magazine\/noticias\/o-que-ver-em-lisboa-no-inverno\/#primaryimage"},"thumbnailUrl":"https:\/\/www.sixt.com.br\/magazine\/wp-content\/uploads\/\/sites\/15\/2022\/12\/shutterstock_2203707861-1.jpg","articleSection":["Guias e dicas","Not\u00edcias"],"inLanguage":"en-US","potentialAction":[{"@type":"CommentAction","name":"Comment","target":["https:\/\/www.sixt.com.br\/magazine\/noticias\/o-que-ver-em-lisboa-no-inverno\/#respond"]}]},{"@type":"WebPage","@id":"https:\/\/www.sixt.com.br\/magazine\/noticias\/o-que-ver-em-lisboa-no-inverno\/","url":"https:\/\/www.sixt.com.br\/magazine\/noticias\/o-que-ver-em-lisboa-no-inverno\/","name":"O QUE VER EM LISBOA NO INVERNO - Sixt Magazine","isPartOf":{"@id":"https:\/\/www.sixt.com.br\/magazine\/#website"},"primaryImageOfPage":{"@id":"https:\/\/www.sixt.com.br\/magazine\/noticias\/o-que-ver-em-lisboa-no-inverno\/#primaryimage"},"image":{"@id":"https:\/\/www.sixt.com.br\/magazine\/noticias\/o-que-ver-em-lisboa-no-inverno\/#primaryimage"},"thumbnailUrl":"https:\/\/www.sixt.com.br\/magazine\/wp-content\/uploads\/\/sites\/15\/2022\/12\/shutterstock_2203707861-1.jpg","datePublished":"2022-12-29T16:07:31+00:00","dateModified":"2022-12-29T16:09:32+00:00","author":{"@id":""},"description":"Aproveite Lisboa no inverno com as dicas da Sixt! Viajando para Portugal no inverno pode ser uma otima ideia!","breadcrumb":{"@id":"https:\/\/www.sixt.com.br\/magazine\/noticias\/o-que-ver-em-lisboa-no-inverno\/#breadcrumb"},"inLanguage":"en-US","potentialAction":[{"@type":"ReadAction","target":["https:\/\/www.sixt.com.br\/magazine\/noticias\/o-que-ver-em-lisboa-no-inverno\/"]}]},{"@type":"ImageObject","inLanguage":"en-US","@id":"https:\/\/www.sixt.com.br\/magazine\/noticias\/o-que-ver-em-lisboa-no-inverno\/#primaryimage","url":"https:\/\/www.sixt.com.br\/magazine\/wp-content\/uploads\/\/sites\/15\/2022\/12\/shutterstock_2203707861-1.jpg","contentUrl":"https:\/\/www.sixt.com.br\/magazine\/wp-content\/uploads\/\/sites\/15\/2022\/12\/shutterstock_2203707861-1.jpg","width":1100,"height":733},{"@type":"BreadcrumbList","@id":"https:\/\/www.sixt.com.br\/magazine\/noticias\/o-que-ver-em-lisboa-no-inverno\/#breadcrumb","itemListElement":[{"@type":"ListItem","position":1,"name":"Home","item":"https:\/\/www.sixt.com.br\/magazine\/"},{"@type":"ListItem","position":2,"name":"O QUE VER EM LISBOA NO INVERNO"}]},{"@type":"WebSite","@id":"https:\/\/www.sixt.com.br\/magazine\/#website","url":"https:\/\/www.sixt.com.br\/magazine\/","name":"Sixt Brasil Magazine","description":"Dicas de viagem e not\u00edcias da Sixt","potentialAction":[{"@type":"SearchAction","target":{"@type":"EntryPoint","urlTemplate":"https:\/\/www.sixt.com.br\/magazine\/?s={search_term_string}"},"query-input":{"@type":"PropertyValueSpecification","valueRequired":true,"valueName":"search_term_string"}}],"inLanguage":"en-US"},{"@type":"Person","@id":"","url":"https:\/\/www.sixt.com.br\/magazine\/author\/"}]}},"_links":{"self":[{"href":"https:\/\/www.sixt.com.br\/magazine\/wp-json\/wp\/v2\/posts\/1628","targetHints":{"allow":["GET"]}}],"collection":[{"href":"https:\/\/www.sixt.com.br\/magazine\/wp-json\/wp\/v2\/posts"}],"about":[{"href":"https:\/\/www.sixt.com.br\/magazine\/wp-json\/wp\/v2\/types\/post"}],"author":[{"embeddable":true,"href":"https:\/\/www.sixt.com.br\/magazine\/wp-json\/wp\/v2\/users\/45"}],"replies":[{"embeddable":true,"href":"https:\/\/www.sixt.com.br\/magazine\/wp-json\/wp\/v2\/comments?post=1628"}],"version-history":[{"count":0,"href":"https:\/\/www.sixt.com.br\/magazine\/wp-json\/wp\/v2\/posts\/1628\/revisions"}],"wp:featuredmedia":[{"embeddable":true,"href":"https:\/\/www.sixt.com.br\/magazine\/wp-json\/wp\/v2\/media\/1631"}],"wp:attachment":[{"href":"https:\/\/www.sixt.com.br\/magazine\/wp-json\/wp\/v2\/media?parent=1628"}],"wp:term":[{"taxonomy":"category","embeddable":true,"href":"https:\/\/www.sixt.com.br\/magazine\/wp-json\/wp\/v2\/categories?post=1628"},{"taxonomy":"post_tag","embeddable":true,"href":"https:\/\/www.sixt.com.br\/magazine\/wp-json\/wp\/v2\/tags?post=1628"}],"curies":[{"name":"wp","href":"https:\/\/api.w.org\/{rel}","templated":true}]}}