{"id":1595,"date":"2022-11-25T12:55:43","date_gmt":"2022-11-25T12:55:43","guid":{"rendered":"https:\/\/www.sixt.com.br\/magazine\/?p=1595"},"modified":"2022-12-09T10:33:03","modified_gmt":"2022-12-09T10:33:03","slug":"carro-eletrico-papelao","status":"publish","type":"post","link":"https:\/\/www.sixt.com.br\/magazine\/future-mobility\/carro-eletrico-papelao\/","title":{"rendered":"NO FUTURO, O CARRO EL\u00c9TRICO PODE SER FEITO DE PAPEL\u00c3O E PL\u00c1STICO RECICLADO"},"content":{"rendered":"\n<p>Os materiais usados \u200b\u200bpara fabricar carros evolu\u00edram ao longo dos anos, com a\u00e7o e outros metais evoluindo para uma mistura de metal e pl\u00e1stico.&nbsp;Mas, em um esfor\u00e7o para ser mais ecologicamente correto, algumas montadoras est\u00e3o adotando o uso de materiais mais sustent\u00e1veis \u200b\u200be reciclados em seus ve\u00edculos el\u00e9tricos (EVs).<\/p>\n\n\n\n<p>Empresas como Ford, Citr\u00f6en, Hyundai e Polestar anunciaram planos de usar materiais mais sustent\u00e1veis \u200b\u200bou j\u00e1 come\u00e7aram a faz\u00ea-lo.&nbsp;A Ford at\u00e9 ganhou um pr\u00eamio em 2022 no Altair&#8217;s Enlighten Awards, nos Estados Unidos, por usar materiais sustent\u00e1veis \u200b\u200bem sua picape el\u00e9trica F-150 Lightning.&nbsp;Analisaremos alguns dos materiais que essa montadora inovadora est\u00e1 usando para fazer EVs interessantes, reduzindo, reutilizando e reciclando.<\/p>\n\n\n\n<h2 class=\"wp-block-heading\">MAS FEITOS DE PAPEL\u00c3O?<\/h2>\n\n\n\n<p>Em 2022, a Citr\u00f6en estreou o carro-conceito Oli EV, que \u00e9 parcialmente feito de papel\u00e3o reciclado.&nbsp;Isso resulta em um ve\u00edculo mais leve, chegando a cerca de menos de 1kg.&nbsp;E n\u00e3o se preocupe porque nem todo o Oli \u00e9 feito de papel\u00e3o \u2013 apenas cap\u00f4, cama e teto.&nbsp;Voc\u00ea n\u00e3o estar\u00e1 sentado em um assento de papel\u00e3o!&nbsp;A desvantagem dos materiais de que este EV \u00e9 feito, bem como o foco em manter o peso do Oli baixo, \u00e9 que ele n\u00e3o ultrapassa 112km\/h.&nbsp;\u00c9 mais um carro urbano com o tamanho perfeito para caber em pequenas vagas de estacionamento.&nbsp;Um b\u00f4nus \u00e9 que ele tem um alcance de cerca de 400km, portanto, se voc\u00ea ficar na cidade, n\u00e3o precisar\u00e1 recarregar todos os dias.<\/p>\n\n\n\n<figure class=\"wp-block-embed is-type-video is-provider-youtube wp-block-embed-youtube wp-embed-aspect-16-9 wp-has-aspect-ratio\"><div class=\"wp-block-embed__wrapper\">\n<iframe title=\"BARATO e tem pneus que duram at\u00e9 MEIO MILH\u00c3O de km. Citro\u00ebn Oli concept\" width=\"500\" height=\"281\" data-src=\"https:\/\/www.youtube.com\/embed\/SOVV_Ig83Uo?feature=oembed\" frameborder=\"0\" allow=\"accelerometer; autoplay; clipboard-write; encrypted-media; gyroscope; picture-in-picture; web-share\" referrerpolicy=\"strict-origin-when-cross-origin\" allowfullscreen src=\"data:image\/svg+xml;base64,PHN2ZyB3aWR0aD0iMSIgaGVpZ2h0PSIxIiB4bWxucz0iaHR0cDovL3d3dy53My5vcmcvMjAwMC9zdmciPjwvc3ZnPg==\" class=\"lazyload\" data-load-mode=\"1\"><\/iframe>\n<\/div><\/figure>\n\n\n\n<h2 class=\"wp-block-heading\">DO OCEANO PARA O SEU CAMINH\u00c3O<\/h2>\n\n\n\n<p>A Ford Motor Company tem se concentrado em melhorar a sustentabilidade dos ve\u00edculos que produz e colocou algumas de suas ideias na nova Ford-150 Lightning, sua popular picape el\u00e9trica.&nbsp;Com o objetivo de reduzir o mar de pl\u00e1stico flutuando nos oceanos do mundo, a Ford fez os clipes do chicote el\u00e9trico do F-150 Lightning com 100% de pl\u00e1stico oce\u00e2nico p\u00f3s-consumo.&nbsp;Este componente foi usado pela primeira vez em seu Ford Sport e, no futuro, outras pe\u00e7as do ve\u00edculo ser\u00e3o feitas de pl\u00e1stico reciclado.<\/p>\n\n\n\n<h2 class=\"wp-block-heading\">AT\u00c9 SEU CARRO PODE SER VEGANO<\/h2>\n\n\n\n<p>A montadora sueca de ve\u00edculos el\u00e9tricos, a Polestar, uma colabora\u00e7\u00e3o entre a Volvo e a Geely, tem se concentrado na constru\u00e7\u00e3o de carros com materiais sustent\u00e1veis \u200b\u200bdesde 2020. Os interiores de seus ve\u00edculos el\u00e9tricos apresentam assentos feitos de tecido de fibra natural, bem como tecido impresso em 3D feito de garrafas pl\u00e1sticas recicladas.&nbsp;E isso n\u00e3o \u00e9 tudo. Tamb\u00e9m encontrar\u00e1 elementos feitos de corti\u00e7a e redes de pesca recicladas.&nbsp;E \u00e9 meta da Polestar tornar sua produ\u00e7\u00e3o de autom\u00f3veis neutra para o clima at\u00e9 2030, sem emiss\u00f5es de carbono.<\/p>\n\n\n\n<h2 class=\"wp-block-heading\">DO MILHARAL AO SEU ASSENTO<\/h2>\n\n\n\n<p>O novo IONIQ 5 EV da Hyundai n\u00e3o s\u00f3 parece futurista, mas os materiais usados \u200b\u200bpara fazer os componentes internos tamb\u00e9m s\u00e3o inovadores.&nbsp;Segundo a empresa, cada um desses ve\u00edculos cont\u00e9m at\u00e9 32 garrafas PET recicladas, cana-de-a\u00e7\u00facar e mistura de milho, l\u00e3, \u00f3leo de linha\u00e7a e papel\u00e3o recicl\u00e1vel, al\u00e9m de l\u00e3.&nbsp;As garrafas recicladas s\u00e3o derretidas e tecidas em tecido de assento, enquanto a cana-de-a\u00e7\u00facar e o milho s\u00e3o transformados em tecido de assento, forro de teto e carpete.&nbsp;O \u00f3leo de linha\u00e7a \u00e9 usado como corante \u00e0 base de plantas para componentes de couro e as portas cont\u00eam paperette, enquanto a l\u00e3 tamb\u00e9m \u00e9 usada no tecido dos bancos.<\/p>\n\n\n\n<figure class=\"wp-block-embed is-type-video is-provider-youtube wp-block-embed-youtube wp-embed-aspect-16-9 wp-has-aspect-ratio\"><div class=\"wp-block-embed__wrapper\">\n<iframe title=\"Parece do FUTURO. Primeiro teste ao Hyundai IONIQ 5 EV\" width=\"500\" height=\"281\" data-src=\"https:\/\/www.youtube.com\/embed\/amSE9ldlSS4?feature=oembed\" frameborder=\"0\" allow=\"accelerometer; autoplay; clipboard-write; encrypted-media; gyroscope; picture-in-picture; web-share\" referrerpolicy=\"strict-origin-when-cross-origin\" allowfullscreen src=\"data:image\/svg+xml;base64,PHN2ZyB3aWR0aD0iMSIgaGVpZ2h0PSIxIiB4bWxucz0iaHR0cDovL3d3dy53My5vcmcvMjAwMC9zdmciPjwvc3ZnPg==\" class=\"lazyload\" data-load-mode=\"1\"><\/iframe>\n<\/div><\/figure>\n\n\n\n<h2 class=\"wp-block-heading\">QUAL \u00c9 O PR\u00d3XIMO PASSO?<\/h2>\n\n\n\n<p>\u00c0 medida que a demanda por ve\u00edculos el\u00e9tricos cresce, as montadoras buscam maneiras mais sustent\u00e1veis \u200b\u200bde produzi-los.&nbsp;Embora seja dif\u00edcil fazer uma carroceria com materiais alternativos em vez de metal, os componentes internos s\u00e3o mais f\u00e1ceis de experimentar.&nbsp;Entre os materiais testados est\u00e3o fibras de celulose e linho para estofamento e refor\u00e7o de outros componentes, casca de tomate e quitina, um pol\u00edmero natural encontrado em conchas de crust\u00e1ceos.&nbsp;Com todos esses materiais n\u00e3o convencionais j\u00e1 sendo usados \u200b\u200bou experimentados, quem sabe o que vir\u00e1 a seguir?<\/p>\n<!-- AddThis Advanced Settings generic via filter on the_content --><!-- AddThis Share Buttons generic via filter on the_content -->","protected":false},"excerpt":{"rendered":"<p>Os materiais usados \u200b\u200bpara fabricar carros evolu\u00edram ao longo dos anos, com a\u00e7o e outros metais evoluindo para uma mistura de metal e pl\u00e1stico.&nbsp;Mas, em um esfor\u00e7o para ser mais ecologicamente correto, algumas montadoras est\u00e3o adotando o uso de materiais mais sustent\u00e1veis \u200b\u200be reciclados em seus ve\u00edculos el\u00e9tricos (EVs). Empresas como Ford, Citr\u00f6en, Hyundai e&#8230;<!-- AddThis Advanced Settings generic via filter on get_the_excerpt --><!-- AddThis Share Buttons generic via filter on get_the_excerpt --><\/p>\n","protected":false},"author":45,"featured_media":1596,"comment_status":"open","ping_status":"open","sticky":false,"template":"","format":"standard","meta":{"_genesis_hide_title":false,"_genesis_hide_breadcrumbs":false,"_genesis_hide_singular_image":false,"_genesis_hide_footer_widgets":false,"_genesis_custom_body_class":"","_genesis_custom_post_class":"","_genesis_layout":"","ngg_post_thumbnail":0,"footnotes":""},"categories":[59,3],"tags":[],"class_list":{"0":"post-1595","1":"post","2":"type-post","3":"status-publish","4":"format-standard","5":"has-post-thumbnail","7":"category-future-mobility","8":"category-noticias","9":"entry"},"yoast_head":"<!-- This site is optimized with the Yoast SEO plugin v27.1.1 - https:\/\/yoast.com\/product\/yoast-seo-wordpress\/ -->\n<title>NO FUTURO, O CARRO EL\u00c9TRICO PODE SER FEITO DE PAPEL\u00c3O E PL\u00c1STICO RECICLADO - Sixt Magazine<\/title>\n<meta name=\"description\" content=\"No futuro os carros el\u00e9tricos ser\u00e3o de papel\u00e3o? Seria isso poss\u00edvel? Confira em nosso artigo o que j\u00e1 esta dispon\u00edvel no mercado!\" \/>\n<meta name=\"robots\" content=\"index, follow, max-snippet:-1, max-image-preview:large, max-video-preview:-1\" \/>\n<link rel=\"canonical\" href=\"https:\/\/www.sixt.com.br\/magazine\/future-mobility\/carro-eletrico-papelao\/\" \/>\n<meta property=\"og:locale\" content=\"en_US\" \/>\n<meta property=\"og:type\" content=\"article\" \/>\n<meta property=\"og:title\" content=\"NO FUTURO, O CARRO EL\u00c9TRICO PODE SER FEITO DE PAPEL\u00c3O E PL\u00c1STICO RECICLADO - Sixt Magazine\" \/>\n<meta property=\"og:description\" content=\"No futuro os carros el\u00e9tricos ser\u00e3o de papel\u00e3o? Seria isso poss\u00edvel? Confira em nosso artigo o que j\u00e1 esta dispon\u00edvel no mercado!\" \/>\n<meta property=\"og:url\" content=\"https:\/\/www.sixt.com.br\/magazine\/future-mobility\/carro-eletrico-papelao\/\" \/>\n<meta property=\"og:site_name\" content=\"Sixt Brasil Magazine\" \/>\n<meta property=\"article:published_time\" content=\"2022-11-25T12:55:43+00:00\" \/>\n<meta property=\"article:modified_time\" content=\"2022-12-09T10:33:03+00:00\" \/>\n<meta property=\"og:image\" content=\"https:\/\/www.sixt.com.br\/magazine\/wp-content\/uploads\/\/sites\/15\/2022\/11\/garrafas-recicladas.jpeg\" \/>\n\t<meta property=\"og:image:width\" content=\"750\" \/>\n\t<meta property=\"og:image:height\" content=\"420\" \/>\n\t<meta property=\"og:image:type\" content=\"image\/jpeg\" \/>\n<meta name=\"twitter:card\" content=\"summary_large_image\" \/>\n<meta name=\"twitter:label1\" content=\"Written by\" \/>\n\t<meta name=\"twitter:data1\" content=\"\" \/>\n\t<meta name=\"twitter:label2\" content=\"Est. reading time\" \/>\n\t<meta name=\"twitter:data2\" content=\"3 minutes\" \/>\n<!-- \/ Yoast SEO plugin. -->","yoast_head_json":{"title":"NO FUTURO, O CARRO EL\u00c9TRICO PODE SER FEITO DE PAPEL\u00c3O E PL\u00c1STICO RECICLADO - Sixt Magazine","description":"No futuro os carros el\u00e9tricos ser\u00e3o de papel\u00e3o? Seria isso poss\u00edvel? Confira em nosso artigo o que j\u00e1 esta dispon\u00edvel no mercado!","robots":{"index":"index","follow":"follow","max-snippet":"max-snippet:-1","max-image-preview":"max-image-preview:large","max-video-preview":"max-video-preview:-1"},"canonical":"https:\/\/www.sixt.com.br\/magazine\/future-mobility\/carro-eletrico-papelao\/","og_locale":"en_US","og_type":"article","og_title":"NO FUTURO, O CARRO EL\u00c9TRICO PODE SER FEITO DE PAPEL\u00c3O E PL\u00c1STICO RECICLADO - Sixt Magazine","og_description":"No futuro os carros el\u00e9tricos ser\u00e3o de papel\u00e3o? Seria isso poss\u00edvel? Confira em nosso artigo o que j\u00e1 esta dispon\u00edvel no mercado!","og_url":"https:\/\/www.sixt.com.br\/magazine\/future-mobility\/carro-eletrico-papelao\/","og_site_name":"Sixt Brasil Magazine","article_published_time":"2022-11-25T12:55:43+00:00","article_modified_time":"2022-12-09T10:33:03+00:00","og_image":[{"width":750,"height":420,"url":"https:\/\/www.sixt.com.br\/magazine\/wp-content\/uploads\/\/sites\/15\/2022\/11\/garrafas-recicladas.jpeg","type":"image\/jpeg"}],"twitter_card":"summary_large_image","twitter_misc":{"Written by":"","Est. reading time":"3 minutes"},"schema":{"@context":"https:\/\/schema.org","@graph":[{"@type":"Article","@id":"https:\/\/www.sixt.com.br\/magazine\/future-mobility\/carro-eletrico-papelao\/#article","isPartOf":{"@id":"https:\/\/www.sixt.com.br\/magazine\/future-mobility\/carro-eletrico-papelao\/"},"author":{"name":"","@id":""},"headline":"NO FUTURO, O CARRO EL\u00c9TRICO PODE SER FEITO DE PAPEL\u00c3O E PL\u00c1STICO RECICLADO","datePublished":"2022-11-25T12:55:43+00:00","dateModified":"2022-12-09T10:33:03+00:00","mainEntityOfPage":{"@id":"https:\/\/www.sixt.com.br\/magazine\/future-mobility\/carro-eletrico-papelao\/"},"wordCount":744,"commentCount":0,"image":{"@id":"https:\/\/www.sixt.com.br\/magazine\/future-mobility\/carro-eletrico-papelao\/#primaryimage"},"thumbnailUrl":"https:\/\/www.sixt.com.br\/magazine\/wp-content\/uploads\/\/sites\/15\/2022\/11\/garrafas-recicladas.jpeg","articleSection":["Future Mobility","Not\u00edcias"],"inLanguage":"en-US","potentialAction":[{"@type":"CommentAction","name":"Comment","target":["https:\/\/www.sixt.com.br\/magazine\/future-mobility\/carro-eletrico-papelao\/#respond"]}]},{"@type":"WebPage","@id":"https:\/\/www.sixt.com.br\/magazine\/future-mobility\/carro-eletrico-papelao\/","url":"https:\/\/www.sixt.com.br\/magazine\/future-mobility\/carro-eletrico-papelao\/","name":"NO FUTURO, O CARRO EL\u00c9TRICO PODE SER FEITO DE PAPEL\u00c3O E PL\u00c1STICO RECICLADO - Sixt Magazine","isPartOf":{"@id":"https:\/\/www.sixt.com.br\/magazine\/#website"},"primaryImageOfPage":{"@id":"https:\/\/www.sixt.com.br\/magazine\/future-mobility\/carro-eletrico-papelao\/#primaryimage"},"image":{"@id":"https:\/\/www.sixt.com.br\/magazine\/future-mobility\/carro-eletrico-papelao\/#primaryimage"},"thumbnailUrl":"https:\/\/www.sixt.com.br\/magazine\/wp-content\/uploads\/\/sites\/15\/2022\/11\/garrafas-recicladas.jpeg","datePublished":"2022-11-25T12:55:43+00:00","dateModified":"2022-12-09T10:33:03+00:00","author":{"@id":""},"description":"No futuro os carros el\u00e9tricos ser\u00e3o de papel\u00e3o? Seria isso poss\u00edvel? Confira em nosso artigo o que j\u00e1 esta dispon\u00edvel no mercado!","breadcrumb":{"@id":"https:\/\/www.sixt.com.br\/magazine\/future-mobility\/carro-eletrico-papelao\/#breadcrumb"},"inLanguage":"en-US","potentialAction":[{"@type":"ReadAction","target":["https:\/\/www.sixt.com.br\/magazine\/future-mobility\/carro-eletrico-papelao\/"]}]},{"@type":"ImageObject","inLanguage":"en-US","@id":"https:\/\/www.sixt.com.br\/magazine\/future-mobility\/carro-eletrico-papelao\/#primaryimage","url":"https:\/\/www.sixt.com.br\/magazine\/wp-content\/uploads\/\/sites\/15\/2022\/11\/garrafas-recicladas.jpeg","contentUrl":"https:\/\/www.sixt.com.br\/magazine\/wp-content\/uploads\/\/sites\/15\/2022\/11\/garrafas-recicladas.jpeg","width":750,"height":420},{"@type":"BreadcrumbList","@id":"https:\/\/www.sixt.com.br\/magazine\/future-mobility\/carro-eletrico-papelao\/#breadcrumb","itemListElement":[{"@type":"ListItem","position":1,"name":"Home","item":"https:\/\/www.sixt.com.br\/magazine\/"},{"@type":"ListItem","position":2,"name":"NO FUTURO, O CARRO EL\u00c9TRICO PODE SER FEITO DE PAPEL\u00c3O E PL\u00c1STICO RECICLADO"}]},{"@type":"WebSite","@id":"https:\/\/www.sixt.com.br\/magazine\/#website","url":"https:\/\/www.sixt.com.br\/magazine\/","name":"Sixt Brasil Magazine","description":"Dicas de viagem e not\u00edcias da Sixt","potentialAction":[{"@type":"SearchAction","target":{"@type":"EntryPoint","urlTemplate":"https:\/\/www.sixt.com.br\/magazine\/?s={search_term_string}"},"query-input":{"@type":"PropertyValueSpecification","valueRequired":true,"valueName":"search_term_string"}}],"inLanguage":"en-US"},{"@type":"Person","@id":"","url":"https:\/\/www.sixt.com.br\/magazine\/author\/"}]}},"_links":{"self":[{"href":"https:\/\/www.sixt.com.br\/magazine\/wp-json\/wp\/v2\/posts\/1595","targetHints":{"allow":["GET"]}}],"collection":[{"href":"https:\/\/www.sixt.com.br\/magazine\/wp-json\/wp\/v2\/posts"}],"about":[{"href":"https:\/\/www.sixt.com.br\/magazine\/wp-json\/wp\/v2\/types\/post"}],"author":[{"embeddable":true,"href":"https:\/\/www.sixt.com.br\/magazine\/wp-json\/wp\/v2\/users\/45"}],"replies":[{"embeddable":true,"href":"https:\/\/www.sixt.com.br\/magazine\/wp-json\/wp\/v2\/comments?post=1595"}],"version-history":[{"count":0,"href":"https:\/\/www.sixt.com.br\/magazine\/wp-json\/wp\/v2\/posts\/1595\/revisions"}],"wp:featuredmedia":[{"embeddable":true,"href":"https:\/\/www.sixt.com.br\/magazine\/wp-json\/wp\/v2\/media\/1596"}],"wp:attachment":[{"href":"https:\/\/www.sixt.com.br\/magazine\/wp-json\/wp\/v2\/media?parent=1595"}],"wp:term":[{"taxonomy":"category","embeddable":true,"href":"https:\/\/www.sixt.com.br\/magazine\/wp-json\/wp\/v2\/categories?post=1595"},{"taxonomy":"post_tag","embeddable":true,"href":"https:\/\/www.sixt.com.br\/magazine\/wp-json\/wp\/v2\/tags?post=1595"}],"curies":[{"name":"wp","href":"https:\/\/api.w.org\/{rel}","templated":true}]}}