{"id":1534,"date":"2022-09-09T11:32:32","date_gmt":"2022-09-09T11:32:32","guid":{"rendered":"https:\/\/www.sixt.com.br\/magazine\/?p=1534"},"modified":"2022-09-09T11:33:27","modified_gmt":"2022-09-09T11:33:27","slug":"reciclagem-bateria-carro-eletrico","status":"publish","type":"post","link":"https:\/\/www.sixt.com.br\/magazine\/future-mobility\/reciclagem-bateria-carro-eletrico\/","title":{"rendered":"O FUTURO DA RECICLAGEM DAS BATERIAS DOS CARROS EL\u00c9TRICOS"},"content":{"rendered":"\n<p>Qual o destino das baterias de carros el\u00e9tricos? Este parece ser um grande tema e desafio para um futuro pr\u00f3ximo. \u00c0 medida que mais pessoas compram ve\u00edculos el\u00e9tricos, mais baterias precisar\u00e3o ser substitu\u00eddas no futuro, pois elas t\u00eam um ciclo de vida limitado. Essa \u00e9 uma grande quest\u00e3o a ser levada em considera\u00e7\u00e3o pelas empresas fabricantes de carros el\u00e9tricos. Atualmente as empresas est\u00e3o buscando maneiras de reciclar ou reutilizar as baterias e seus componentes.<\/p>\n\n\n\n<p>De acordo com a&nbsp;Battery&nbsp;Recyclers&nbsp;of&nbsp;America, empresa conhecida por reciclar baterias nos Estados Unidos, em m\u00e9dia, a vida \u00fatil de uma bateria de carro el\u00e9trico \u00e9 de 10 anos.&nbsp;Ap\u00f3s este&nbsp;tempo, as baterias el\u00e9tricas recarreg\u00e1veis tendem a ter problemas para manter sua carga e precisam ser substitu\u00eddas. Com a crescente mudan\u00e7a dos ve\u00edculos movidos a g\u00e1s, haver\u00e1 muita necessidade nos pr\u00f3ximos anos de uma maneira de lidar com as baterias gastas dos&nbsp;EVs.<\/p>\n\n\n\n<figure class=\"wp-block-image size-full\"><img decoding=\"async\" width=\"1024\" height=\"576\" data-src=\"https:\/\/www.sixt.com.br\/magazine\/wp-content\/uploads\/\/sites\/15\/2022\/09\/lithium-ion-battery-1024x576-1.jpg\" alt=\"\" class=\"wp-image-1536 lazyload\" data-srcset=\"https:\/\/www.sixt.com.br\/magazine\/wp-content\/uploads\/\/sites\/15\/2022\/09\/lithium-ion-battery-1024x576-1.jpg 1024w, https:\/\/www.sixt.com.br\/magazine\/wp-content\/uploads\/\/sites\/15\/2022\/09\/lithium-ion-battery-1024x576-1-300x169.jpg 300w, https:\/\/www.sixt.com.br\/magazine\/wp-content\/uploads\/\/sites\/15\/2022\/09\/lithium-ion-battery-1024x576-1-768x432.jpg 768w\" data-sizes=\"(max-width: 1024px) 100vw, 1024px\" src=\"data:image\/svg+xml;base64,PHN2ZyB3aWR0aD0iMSIgaGVpZ2h0PSIxIiB4bWxucz0iaHR0cDovL3d3dy53My5vcmcvMjAwMC9zdmciPjwvc3ZnPg==\" style=\"--smush-placeholder-width: 1024px; --smush-placeholder-aspect-ratio: 1024\/576;\" \/><figcaption>O interior de uma bateria EV de \u00edon de l\u00edtio. Foto: Black_Kira no Shutterstock<\/figcaption><\/figure>\n\n\n\n<h2 class=\"wp-block-heading\">QUAL A SITUA\u00c7\u00c3O ATUAL?<\/h2>\n\n\n\n<p>Nos Estados Unidos, o estado da Calif\u00f3rnia \u00e9 o grande l\u00edder no momento, tanto na reciclagem de baterias de ve\u00edculos el\u00e9tricos quanto na elimina\u00e7\u00e3o gradual da venda de ve\u00edculos movidos a g\u00e1s. O governo da Calif\u00f3rnia anunciou em agosto de 2022 que a partir de 2035 as vendas de novos ve\u00edculos movidos a g\u00e1s n\u00e3o seriam permitidas, tornando-os l\u00edderes em uma pol\u00edtica de emiss\u00f5es zero. O governo dos EUA tamb\u00e9m anunciou uma meta de que at\u00e9 50% em 2035 das vendas de carros no pa\u00eds, sejam ve\u00edculos el\u00e9tricos.<\/p>\n\n\n\n<p>Existem diferentes leis para reciclagem de baterias ao redor do mundo. Verifique as leis de seu pais antes de prosseguir com a reciclagem da bateria do seu carro el\u00e9trico. No in\u00edcio de 2022, montadoras como Ford e Volvo anunciaram uma parceria com a&nbsp;Redwood&nbsp;Materials&nbsp;Inc, nos Estados Unidos. Eles reciclar\u00e3o baterias h\u00edbridas de \u00edon de l\u00edtio e n\u00edquel met\u00e1lico de carros h\u00edbridos e el\u00e9tricos na Calif\u00f3rnia. Este \u00e9 um esfor\u00e7o para criar uma cadeia de suprimentos de circuito fechado para a ind\u00fastria de autom\u00f3veis&nbsp;EV&nbsp;(e mobilidade).<\/p>\n\n\n\n<h3 class=\"wp-block-heading\">O que \u00e9 uma cadeia de suprimentos de circuito fechado? <\/h3>\n\n\n\n<p>Os componentes de baterias\u00a0dos carros el\u00e9tricos\u00a0usadas s\u00e3o\u00a0reutilizadas \u200b\u200bpara fazer outras novas baterias. Assim, quando as montadoras fazem parceria com uma empresa de reciclagem como a Ford, elas podem reutilizar partes de baterias antigas de\u00a0carros el\u00e9tricos para fazer outras e t\u00ea-las como parte do processo de produ\u00e7\u00e3o.<\/p>\n\n\n\n<figure class=\"wp-block-image size-full is-resized is-style-default\"><img decoding=\"async\" data-src=\"https:\/\/www.sixt.com.br\/magazine\/wp-content\/uploads\/\/sites\/15\/2022\/09\/lithium-ion-interior-1024x667-1.jpg\" alt=\"\" class=\"wp-image-1535 lazyload\" width=\"840\" height=\"547\" data-srcset=\"https:\/\/www.sixt.com.br\/magazine\/wp-content\/uploads\/\/sites\/15\/2022\/09\/lithium-ion-interior-1024x667-1.jpg 1024w, https:\/\/www.sixt.com.br\/magazine\/wp-content\/uploads\/\/sites\/15\/2022\/09\/lithium-ion-interior-1024x667-1-300x195.jpg 300w, https:\/\/www.sixt.com.br\/magazine\/wp-content\/uploads\/\/sites\/15\/2022\/09\/lithium-ion-interior-1024x667-1-768x500.jpg 768w\" data-sizes=\"(max-width: 840px) 100vw, 840px\" src=\"data:image\/svg+xml;base64,PHN2ZyB3aWR0aD0iMSIgaGVpZ2h0PSIxIiB4bWxucz0iaHR0cDovL3d3dy53My5vcmcvMjAwMC9zdmciPjwvc3ZnPg==\" style=\"--smush-placeholder-width: 840px; --smush-placeholder-aspect-ratio: 840\/547;\" \/><figcaption>O interior de uma bateria usada de \u00edon de l\u00edtio. Foto: Smile&nbsp;Fight&nbsp;no&nbsp;Shutterstock<\/figcaption><\/figure>\n\n\n\n<h2 class=\"wp-block-heading\">O FUTURO DA RICLAGEM DE BATERIAS<\/h2>\n\n\n\n<p>Grandes mudan\u00e7as j\u00e1 come\u00e7aram pelo mundo. N\u00e3o s\u00f3 nos Estados Unidos, pa\u00eds que geralmente inicia a vanguarda dessas pol\u00edticas. A Uni\u00e3o Europeia anunciou algo semelhante este ano, com um mandato de que os pa\u00edses membros reduzam as emiss\u00f5es de&nbsp;CO2&nbsp;de carros e outros ve\u00edculos em 100% at\u00e9 2035. Isso efetivamente proibiria a venda de novos ve\u00edculos movidos a g\u00e1s, como no estado da Calif\u00f3rnia.<\/p>\n\n\n\n<p>De volta aos EUA, h\u00e1 uma c\u00fapula chamada \u201cEV Battery Recycling &amp; Reuse USA: Achieving a Circular Economy\u201d planejada para mar\u00e7o de 2023 em Detroit.&nbsp;Durante essa reuni\u00e3o, os participantes aprender\u00e3o sobre os avan\u00e7os na reciclagem de baterias de ve\u00edculos el\u00e9tricos, discutir\u00e3o planos para lidar com as dezenas de milhares de baterias dos EV&#8217;s em \u201cfinal de vida\u201d que devem chegar ao mercado at\u00e9 2025 e novas iniciativas de reciclagem e reutiliza\u00e7\u00e3o.<\/p>\n\n\n\n<p>Com mais estados e pa\u00edses se concentrando na elimina\u00e7\u00e3o gradual de ve\u00edculos que consomem muita gasolina em favor dos EV&#8217;s , haver\u00e1 um aumento nas solu\u00e7\u00f5es inovadoras para lidar com as baterias e o lixo eletr\u00f4nico produzidos quando chegarem ao fim de suas vidas.<\/p>\n<!-- AddThis Advanced Settings generic via filter on the_content --><!-- AddThis Share Buttons generic via filter on the_content -->","protected":false},"excerpt":{"rendered":"<p>Qual o destino das baterias de carros el\u00e9tricos? Este parece ser um grande tema e desafio para um futuro pr\u00f3ximo. \u00c0 medida que mais pessoas compram ve\u00edculos el\u00e9tricos, mais baterias precisar\u00e3o ser substitu\u00eddas no futuro, pois elas t\u00eam um ciclo de vida limitado. Essa \u00e9 uma grande quest\u00e3o a ser levada em considera\u00e7\u00e3o pelas empresas&#8230;<!-- AddThis Advanced Settings generic via filter on get_the_excerpt --><!-- AddThis Share Buttons generic via filter on get_the_excerpt --><\/p>\n","protected":false},"author":45,"featured_media":1535,"comment_status":"open","ping_status":"open","sticky":false,"template":"","format":"standard","meta":{"_genesis_hide_title":false,"_genesis_hide_breadcrumbs":false,"_genesis_hide_singular_image":false,"_genesis_hide_footer_widgets":false,"_genesis_custom_body_class":"","_genesis_custom_post_class":"","_genesis_layout":"","ngg_post_thumbnail":0,"footnotes":""},"categories":[59,3],"tags":[],"class_list":{"0":"post-1534","1":"post","2":"type-post","3":"status-publish","4":"format-standard","5":"has-post-thumbnail","7":"category-future-mobility","8":"category-noticias","9":"entry"},"yoast_head":"<!-- This site is optimized with the Yoast SEO plugin v27.1.1 - https:\/\/yoast.com\/product\/yoast-seo-wordpress\/ -->\n<title>O FUTURO DA RECICLAGEM DAS BATERIAS DOS CARROS EL\u00c9TRICOS - Sixt Magazine<\/title>\n<meta name=\"description\" content=\"Qual o futuro das baterias dos carros el\u00e9tricos parecem ser um desafio para os pr\u00f3ximos anos. Qual a solu\u00e7\u00e3o para elas? Confira!\" \/>\n<meta name=\"robots\" content=\"index, follow, max-snippet:-1, max-image-preview:large, max-video-preview:-1\" \/>\n<link rel=\"canonical\" href=\"https:\/\/www.sixt.com.br\/magazine\/future-mobility\/reciclagem-bateria-carro-eletrico\/\" \/>\n<meta property=\"og:locale\" content=\"en_US\" \/>\n<meta property=\"og:type\" content=\"article\" \/>\n<meta property=\"og:title\" content=\"O FUTURO DA RECICLAGEM DAS BATERIAS DOS CARROS EL\u00c9TRICOS - Sixt Magazine\" \/>\n<meta property=\"og:description\" content=\"Qual o futuro das baterias dos carros el\u00e9tricos parecem ser um desafio para os pr\u00f3ximos anos. Qual a solu\u00e7\u00e3o para elas? Confira!\" \/>\n<meta property=\"og:url\" content=\"https:\/\/www.sixt.com.br\/magazine\/future-mobility\/reciclagem-bateria-carro-eletrico\/\" \/>\n<meta property=\"og:site_name\" content=\"Sixt Brasil Magazine\" \/>\n<meta property=\"article:published_time\" content=\"2022-09-09T11:32:32+00:00\" \/>\n<meta property=\"article:modified_time\" content=\"2022-09-09T11:33:27+00:00\" \/>\n<meta property=\"og:image\" content=\"https:\/\/www.sixt.com.br\/magazine\/wp-content\/uploads\/\/sites\/15\/2022\/09\/lithium-ion-interior-1024x667-1.jpg\" \/>\n\t<meta property=\"og:image:width\" content=\"1024\" \/>\n\t<meta property=\"og:image:height\" content=\"667\" \/>\n\t<meta property=\"og:image:type\" content=\"image\/jpeg\" \/>\n<meta name=\"twitter:card\" content=\"summary_large_image\" \/>\n<meta name=\"twitter:label1\" content=\"Written by\" \/>\n\t<meta name=\"twitter:data1\" content=\"\" \/>\n\t<meta name=\"twitter:label2\" content=\"Est. reading time\" \/>\n\t<meta name=\"twitter:data2\" content=\"3 minutes\" \/>\n<!-- \/ Yoast SEO plugin. -->","yoast_head_json":{"title":"O FUTURO DA RECICLAGEM DAS BATERIAS DOS CARROS EL\u00c9TRICOS - Sixt Magazine","description":"Qual o futuro das baterias dos carros el\u00e9tricos parecem ser um desafio para os pr\u00f3ximos anos. Qual a solu\u00e7\u00e3o para elas? Confira!","robots":{"index":"index","follow":"follow","max-snippet":"max-snippet:-1","max-image-preview":"max-image-preview:large","max-video-preview":"max-video-preview:-1"},"canonical":"https:\/\/www.sixt.com.br\/magazine\/future-mobility\/reciclagem-bateria-carro-eletrico\/","og_locale":"en_US","og_type":"article","og_title":"O FUTURO DA RECICLAGEM DAS BATERIAS DOS CARROS EL\u00c9TRICOS - Sixt Magazine","og_description":"Qual o futuro das baterias dos carros el\u00e9tricos parecem ser um desafio para os pr\u00f3ximos anos. Qual a solu\u00e7\u00e3o para elas? Confira!","og_url":"https:\/\/www.sixt.com.br\/magazine\/future-mobility\/reciclagem-bateria-carro-eletrico\/","og_site_name":"Sixt Brasil Magazine","article_published_time":"2022-09-09T11:32:32+00:00","article_modified_time":"2022-09-09T11:33:27+00:00","og_image":[{"width":1024,"height":667,"url":"https:\/\/www.sixt.com.br\/magazine\/wp-content\/uploads\/\/sites\/15\/2022\/09\/lithium-ion-interior-1024x667-1.jpg","type":"image\/jpeg"}],"twitter_card":"summary_large_image","twitter_misc":{"Written by":"","Est. reading time":"3 minutes"},"schema":{"@context":"https:\/\/schema.org","@graph":[{"@type":"Article","@id":"https:\/\/www.sixt.com.br\/magazine\/future-mobility\/reciclagem-bateria-carro-eletrico\/#article","isPartOf":{"@id":"https:\/\/www.sixt.com.br\/magazine\/future-mobility\/reciclagem-bateria-carro-eletrico\/"},"author":{"name":"","@id":""},"headline":"O FUTURO DA RECICLAGEM DAS BATERIAS DOS CARROS EL\u00c9TRICOS","datePublished":"2022-09-09T11:32:32+00:00","dateModified":"2022-09-09T11:33:27+00:00","mainEntityOfPage":{"@id":"https:\/\/www.sixt.com.br\/magazine\/future-mobility\/reciclagem-bateria-carro-eletrico\/"},"wordCount":706,"commentCount":0,"image":{"@id":"https:\/\/www.sixt.com.br\/magazine\/future-mobility\/reciclagem-bateria-carro-eletrico\/#primaryimage"},"thumbnailUrl":"https:\/\/www.sixt.com.br\/magazine\/wp-content\/uploads\/\/sites\/15\/2022\/09\/lithium-ion-interior-1024x667-1.jpg","articleSection":["Future Mobility","Not\u00edcias"],"inLanguage":"en-US","potentialAction":[{"@type":"CommentAction","name":"Comment","target":["https:\/\/www.sixt.com.br\/magazine\/future-mobility\/reciclagem-bateria-carro-eletrico\/#respond"]}]},{"@type":"WebPage","@id":"https:\/\/www.sixt.com.br\/magazine\/future-mobility\/reciclagem-bateria-carro-eletrico\/","url":"https:\/\/www.sixt.com.br\/magazine\/future-mobility\/reciclagem-bateria-carro-eletrico\/","name":"O FUTURO DA RECICLAGEM DAS BATERIAS DOS CARROS EL\u00c9TRICOS - Sixt Magazine","isPartOf":{"@id":"https:\/\/www.sixt.com.br\/magazine\/#website"},"primaryImageOfPage":{"@id":"https:\/\/www.sixt.com.br\/magazine\/future-mobility\/reciclagem-bateria-carro-eletrico\/#primaryimage"},"image":{"@id":"https:\/\/www.sixt.com.br\/magazine\/future-mobility\/reciclagem-bateria-carro-eletrico\/#primaryimage"},"thumbnailUrl":"https:\/\/www.sixt.com.br\/magazine\/wp-content\/uploads\/\/sites\/15\/2022\/09\/lithium-ion-interior-1024x667-1.jpg","datePublished":"2022-09-09T11:32:32+00:00","dateModified":"2022-09-09T11:33:27+00:00","author":{"@id":""},"description":"Qual o futuro das baterias dos carros el\u00e9tricos parecem ser um desafio para os pr\u00f3ximos anos. Qual a solu\u00e7\u00e3o para elas? Confira!","breadcrumb":{"@id":"https:\/\/www.sixt.com.br\/magazine\/future-mobility\/reciclagem-bateria-carro-eletrico\/#breadcrumb"},"inLanguage":"en-US","potentialAction":[{"@type":"ReadAction","target":["https:\/\/www.sixt.com.br\/magazine\/future-mobility\/reciclagem-bateria-carro-eletrico\/"]}]},{"@type":"ImageObject","inLanguage":"en-US","@id":"https:\/\/www.sixt.com.br\/magazine\/future-mobility\/reciclagem-bateria-carro-eletrico\/#primaryimage","url":"https:\/\/www.sixt.com.br\/magazine\/wp-content\/uploads\/\/sites\/15\/2022\/09\/lithium-ion-interior-1024x667-1.jpg","contentUrl":"https:\/\/www.sixt.com.br\/magazine\/wp-content\/uploads\/\/sites\/15\/2022\/09\/lithium-ion-interior-1024x667-1.jpg","width":1024,"height":667},{"@type":"BreadcrumbList","@id":"https:\/\/www.sixt.com.br\/magazine\/future-mobility\/reciclagem-bateria-carro-eletrico\/#breadcrumb","itemListElement":[{"@type":"ListItem","position":1,"name":"Home","item":"https:\/\/www.sixt.com.br\/magazine\/"},{"@type":"ListItem","position":2,"name":"O FUTURO DA RECICLAGEM DAS BATERIAS DOS CARROS EL\u00c9TRICOS"}]},{"@type":"WebSite","@id":"https:\/\/www.sixt.com.br\/magazine\/#website","url":"https:\/\/www.sixt.com.br\/magazine\/","name":"Sixt Brasil Magazine","description":"Dicas de viagem e not\u00edcias da Sixt","potentialAction":[{"@type":"SearchAction","target":{"@type":"EntryPoint","urlTemplate":"https:\/\/www.sixt.com.br\/magazine\/?s={search_term_string}"},"query-input":{"@type":"PropertyValueSpecification","valueRequired":true,"valueName":"search_term_string"}}],"inLanguage":"en-US"},{"@type":"Person","@id":"","url":"https:\/\/www.sixt.com.br\/magazine\/author\/"}]}},"_links":{"self":[{"href":"https:\/\/www.sixt.com.br\/magazine\/wp-json\/wp\/v2\/posts\/1534","targetHints":{"allow":["GET"]}}],"collection":[{"href":"https:\/\/www.sixt.com.br\/magazine\/wp-json\/wp\/v2\/posts"}],"about":[{"href":"https:\/\/www.sixt.com.br\/magazine\/wp-json\/wp\/v2\/types\/post"}],"author":[{"embeddable":true,"href":"https:\/\/www.sixt.com.br\/magazine\/wp-json\/wp\/v2\/users\/45"}],"replies":[{"embeddable":true,"href":"https:\/\/www.sixt.com.br\/magazine\/wp-json\/wp\/v2\/comments?post=1534"}],"version-history":[{"count":0,"href":"https:\/\/www.sixt.com.br\/magazine\/wp-json\/wp\/v2\/posts\/1534\/revisions"}],"wp:featuredmedia":[{"embeddable":true,"href":"https:\/\/www.sixt.com.br\/magazine\/wp-json\/wp\/v2\/media\/1535"}],"wp:attachment":[{"href":"https:\/\/www.sixt.com.br\/magazine\/wp-json\/wp\/v2\/media?parent=1534"}],"wp:term":[{"taxonomy":"category","embeddable":true,"href":"https:\/\/www.sixt.com.br\/magazine\/wp-json\/wp\/v2\/categories?post=1534"},{"taxonomy":"post_tag","embeddable":true,"href":"https:\/\/www.sixt.com.br\/magazine\/wp-json\/wp\/v2\/tags?post=1534"}],"curies":[{"name":"wp","href":"https:\/\/api.w.org\/{rel}","templated":true}]}}