{"id":1478,"date":"2022-06-24T11:34:03","date_gmt":"2022-06-24T11:34:03","guid":{"rendered":"https:\/\/www.sixt.com.br\/magazine\/?p=1478"},"modified":"2022-06-24T11:34:04","modified_gmt":"2022-06-24T11:34:04","slug":"sono-sion-carro-solar","status":"publish","type":"post","link":"https:\/\/www.sixt.com.br\/magazine\/noticias\/sono-sion-carro-solar\/","title":{"rendered":"SONO SION: O CARRO SOLAR E EL\u00c9TRICO QUE QUER REVOLUCIONAR A IND\u00daSTRIA\u00a0"},"content":{"rendered":"\n<p>A Sono Motors, empresa alem\u00e3 que pretende revolucionar o futuro do transporte com o seu carro solar, est\u00e1 atualmente a construir uma frota de carros de pr\u00e9-produ\u00e7\u00e3o, com o objetivo de iniciar a produ\u00e7\u00e3o em s\u00e9rie do Sono Sion em 2023. Estes carros s\u00e3o compostos por componentes de s\u00e9rie e em conformidade com o projeto final pretendido, que foi estabelecido no in\u00edcio deste ano com a conclus\u00e3o do programa de prot\u00f3tipos de segunda gera\u00e7\u00e3o e a correspondente defini\u00e7\u00e3o de componentes e par\u00e2metros do ve\u00edculo. Nos pr\u00f3ximos meses, a Sono Motors testar\u00e1, validar\u00e1 e certificar\u00e1 o Sion antes que o primeiro ve\u00edculo el\u00e9trico solar acess\u00edvel &#8211; com pre\u00e7o inicial de 28 mil euros &#8211; saia da linha de produ\u00e7\u00e3o no pr\u00f3ximo ano.\u00a0<\/p>\n\n\n\n<figure class=\"wp-block-image size-full\"><img decoding=\"async\" width=\"750\" height=\"420\" data-src=\"https:\/\/www.sixt.com.br\/magazine\/wp-content\/uploads\/\/sites\/15\/2022\/06\/sono-sion-coche-solar-750x420-1.jpg\" alt=\"caro solar eletrico\" class=\"wp-image-1479 lazyload\" data-srcset=\"https:\/\/www.sixt.com.br\/magazine\/wp-content\/uploads\/\/sites\/15\/2022\/06\/sono-sion-coche-solar-750x420-1.jpg 750w, https:\/\/www.sixt.com.br\/magazine\/wp-content\/uploads\/\/sites\/15\/2022\/06\/sono-sion-coche-solar-750x420-1-300x168.jpg 300w\" data-sizes=\"(max-width: 750px) 100vw, 750px\" src=\"data:image\/svg+xml;base64,PHN2ZyB3aWR0aD0iMSIgaGVpZ2h0PSIxIiB4bWxucz0iaHR0cDovL3d3dy53My5vcmcvMjAwMC9zdmciPjwvc3ZnPg==\" style=\"--smush-placeholder-width: 750px; --smush-placeholder-aspect-ratio: 750\/420;\" \/><\/figure>\n\n\n\n<h2 class=\"wp-block-heading\"><strong>CARACTER\u00cdSTICAS DO SONO SION<\/strong>&nbsp;<\/h2>\n\n\n\n<p>Este carro solar integra mais de 248 c\u00e9lulas solares em toda a sua carroceria. Gra\u00e7as a isso, o Sion obt\u00e9m uma m\u00e9dia de 112 km (at\u00e9 245 km) de autonomia adicional. A bateria refrigerada a l\u00edquido do Sion tem capacidade de 54 kWh e permite uma autonomia de 305 km, dependendo do clima e do estilo de condu\u00e7\u00e3o. Essa autossufici\u00eancia torna o Sono Sion um carro sustent\u00e1vel ideal para viagens curtas.&nbsp;<\/p>\n\n\n\n<p>Quanto ao carregamento, geralmente leva cerca de 35 minutos para carregar o Sion a 80% em uma esta\u00e7\u00e3o de carregamento r\u00e1pido. Este carro solar pode ser carregado em qualquer esta\u00e7\u00e3o de carregamento p\u00fablica na Europa, em sua casa ou mesmo em outro Sion. E, gra\u00e7as ao seu carregador bidirecional, o Sion tamb\u00e9m pode fornecer eletricidade para outros ve\u00edculos el\u00e9tricos.&nbsp;<\/p>\n\n\n\n<h2 class=\"wp-block-heading\"><strong>MAIS QUE UM CARRO SOLAR E EL\u00c9TRICO<\/strong>&nbsp;<\/h2>\n\n\n\n<p>O Sion \u00e9 mais do que apenas um carro, \u00e9 tamb\u00e9m o seu pr\u00f3prio sistema de armazenamento. Em compara\u00e7\u00e3o com um sistema de armazenamento dom\u00e9stico convencional, a bateria deste carro solar \u00e9 enorme, pode armazenar at\u00e9 10 vezes mais energia. A caixa de parede Sono Sion permitir\u00e1 que voc\u00ea armazene temporariamente o excesso de energia do sistema fotovoltaico no ve\u00edculo para alimentar sua casa mais tarde. Desta forma, seu carro se tornar\u00e1 uma unidade de armazenamento de energia descentralizada que voc\u00ea poder\u00e1 acessar sempre que quiser. Assim, voc\u00ea poder\u00e1 fornecer energia \u00e0 sua casa de forma independente por at\u00e9 cinco dias a um pre\u00e7o consideravelmente inferior ao de outros fornecedores.\u00a0<\/p>\n\n\n\n<figure class=\"wp-block-image size-large\"><img decoding=\"async\" width=\"1024\" height=\"683\" data-src=\"https:\/\/www.sixt.com.br\/magazine\/wp-content\/uploads\/\/sites\/15\/2022\/06\/sion-coche-solar-electrico-1024x683.jpg\" alt=\"carro solar eletrico\" class=\"wp-image-1480 lazyload\" data-srcset=\"https:\/\/www.sixt.com.br\/magazine\/wp-content\/uploads\/\/sites\/15\/2022\/06\/sion-coche-solar-electrico-1024x683.jpg 1024w, https:\/\/www.sixt.com.br\/magazine\/wp-content\/uploads\/\/sites\/15\/2022\/06\/sion-coche-solar-electrico-300x200.jpg 300w, https:\/\/www.sixt.com.br\/magazine\/wp-content\/uploads\/\/sites\/15\/2022\/06\/sion-coche-solar-electrico-768x512.jpg 768w, https:\/\/www.sixt.com.br\/magazine\/wp-content\/uploads\/\/sites\/15\/2022\/06\/sion-coche-solar-electrico.jpg 1200w\" data-sizes=\"(max-width: 1024px) 100vw, 1024px\" src=\"data:image\/svg+xml;base64,PHN2ZyB3aWR0aD0iMSIgaGVpZ2h0PSIxIiB4bWxucz0iaHR0cDovL3d3dy53My5vcmcvMjAwMC9zdmciPjwvc3ZnPg==\" style=\"--smush-placeholder-width: 1024px; --smush-placeholder-aspect-ratio: 1024\/683;\" \/><\/figure>\n<!-- AddThis Advanced Settings generic via filter on the_content --><!-- AddThis Share Buttons generic via filter on the_content -->","protected":false},"excerpt":{"rendered":"<p>A Sono Motors, empresa alem\u00e3 que pretende revolucionar o futuro do transporte com o seu carro solar, est\u00e1 atualmente a construir uma frota de carros de pr\u00e9-produ\u00e7\u00e3o, com o objetivo de iniciar a produ\u00e7\u00e3o em s\u00e9rie do Sono Sion em 2023. Estes carros s\u00e3o compostos por componentes de s\u00e9rie e em conformidade com o projeto&#8230;<!-- AddThis Advanced Settings generic via filter on get_the_excerpt --><!-- AddThis Share Buttons generic via filter on get_the_excerpt --><\/p>\n","protected":false},"author":45,"featured_media":1479,"comment_status":"open","ping_status":"open","sticky":false,"template":"","format":"standard","meta":{"_genesis_hide_title":false,"_genesis_hide_breadcrumbs":false,"_genesis_hide_singular_image":false,"_genesis_hide_footer_widgets":false,"_genesis_custom_body_class":"","_genesis_custom_post_class":"","_genesis_layout":"","ngg_post_thumbnail":0,"footnotes":""},"categories":[59,3],"tags":[],"class_list":{"0":"post-1478","1":"post","2":"type-post","3":"status-publish","4":"format-standard","5":"has-post-thumbnail","7":"category-future-mobility","8":"category-noticias","9":"entry"},"yoast_head":"<!-- This site is optimized with the Yoast SEO plugin v27.1.1 - https:\/\/yoast.com\/product\/yoast-seo-wordpress\/ -->\n<title>SONO SION: O CARRO SOLAR E EL\u00c9TRICO QUE QUER REVOLUCIONAR A IND\u00daSTRIA\u00a0 - Sixt Magazine<\/title>\n<meta name=\"description\" content=\"O Sono Sion pretende mudar a ind\u00fastria automotiva dos carros el\u00e9tricos, com um sistema de carregamento solar.\" \/>\n<meta name=\"robots\" content=\"index, follow, max-snippet:-1, max-image-preview:large, max-video-preview:-1\" \/>\n<link rel=\"canonical\" href=\"https:\/\/www.sixt.com.br\/magazine\/noticias\/sono-sion-carro-solar\/\" \/>\n<meta property=\"og:locale\" content=\"en_US\" \/>\n<meta property=\"og:type\" content=\"article\" \/>\n<meta property=\"og:title\" content=\"SONO SION: O CARRO SOLAR E EL\u00c9TRICO QUE QUER REVOLUCIONAR A IND\u00daSTRIA\u00a0 - Sixt Magazine\" \/>\n<meta property=\"og:description\" content=\"O Sono Sion pretende mudar a ind\u00fastria automotiva dos carros el\u00e9tricos, com um sistema de carregamento solar.\" \/>\n<meta property=\"og:url\" content=\"https:\/\/www.sixt.com.br\/magazine\/noticias\/sono-sion-carro-solar\/\" \/>\n<meta property=\"og:site_name\" content=\"Sixt Brasil Magazine\" \/>\n<meta property=\"article:published_time\" content=\"2022-06-24T11:34:03+00:00\" \/>\n<meta property=\"article:modified_time\" content=\"2022-06-24T11:34:04+00:00\" \/>\n<meta property=\"og:image\" content=\"https:\/\/www.sixt.com.br\/magazine\/wp-content\/uploads\/\/sites\/15\/2022\/06\/sono-sion-coche-solar-750x420-1.jpg\" \/>\n\t<meta property=\"og:image:width\" content=\"750\" \/>\n\t<meta property=\"og:image:height\" content=\"420\" \/>\n\t<meta property=\"og:image:type\" content=\"image\/jpeg\" \/>\n<meta name=\"twitter:card\" content=\"summary_large_image\" \/>\n<meta name=\"twitter:label1\" content=\"Written by\" \/>\n\t<meta name=\"twitter:data1\" content=\"\" \/>\n\t<meta name=\"twitter:label2\" content=\"Est. reading time\" \/>\n\t<meta name=\"twitter:data2\" content=\"3 minutes\" \/>\n<!-- \/ Yoast SEO plugin. -->","yoast_head_json":{"title":"SONO SION: O CARRO SOLAR E EL\u00c9TRICO QUE QUER REVOLUCIONAR A IND\u00daSTRIA\u00a0 - Sixt Magazine","description":"O Sono Sion pretende mudar a ind\u00fastria automotiva dos carros el\u00e9tricos, com um sistema de carregamento solar.","robots":{"index":"index","follow":"follow","max-snippet":"max-snippet:-1","max-image-preview":"max-image-preview:large","max-video-preview":"max-video-preview:-1"},"canonical":"https:\/\/www.sixt.com.br\/magazine\/noticias\/sono-sion-carro-solar\/","og_locale":"en_US","og_type":"article","og_title":"SONO SION: O CARRO SOLAR E EL\u00c9TRICO QUE QUER REVOLUCIONAR A IND\u00daSTRIA\u00a0 - Sixt Magazine","og_description":"O Sono Sion pretende mudar a ind\u00fastria automotiva dos carros el\u00e9tricos, com um sistema de carregamento solar.","og_url":"https:\/\/www.sixt.com.br\/magazine\/noticias\/sono-sion-carro-solar\/","og_site_name":"Sixt Brasil Magazine","article_published_time":"2022-06-24T11:34:03+00:00","article_modified_time":"2022-06-24T11:34:04+00:00","og_image":[{"width":750,"height":420,"url":"https:\/\/www.sixt.com.br\/magazine\/wp-content\/uploads\/\/sites\/15\/2022\/06\/sono-sion-coche-solar-750x420-1.jpg","type":"image\/jpeg"}],"twitter_card":"summary_large_image","twitter_misc":{"Written by":"","Est. reading time":"3 minutes"},"schema":{"@context":"https:\/\/schema.org","@graph":[{"@type":"Article","@id":"https:\/\/www.sixt.com.br\/magazine\/noticias\/sono-sion-carro-solar\/#article","isPartOf":{"@id":"https:\/\/www.sixt.com.br\/magazine\/noticias\/sono-sion-carro-solar\/"},"author":{"name":"","@id":""},"headline":"SONO SION: O CARRO SOLAR E EL\u00c9TRICO QUE QUER REVOLUCIONAR A IND\u00daSTRIA\u00a0","datePublished":"2022-06-24T11:34:03+00:00","dateModified":"2022-06-24T11:34:04+00:00","mainEntityOfPage":{"@id":"https:\/\/www.sixt.com.br\/magazine\/noticias\/sono-sion-carro-solar\/"},"wordCount":420,"commentCount":0,"image":{"@id":"https:\/\/www.sixt.com.br\/magazine\/noticias\/sono-sion-carro-solar\/#primaryimage"},"thumbnailUrl":"https:\/\/www.sixt.com.br\/magazine\/wp-content\/uploads\/\/sites\/15\/2022\/06\/sono-sion-coche-solar-750x420-1.jpg","articleSection":["Future Mobility","Not\u00edcias"],"inLanguage":"en-US","potentialAction":[{"@type":"CommentAction","name":"Comment","target":["https:\/\/www.sixt.com.br\/magazine\/noticias\/sono-sion-carro-solar\/#respond"]}]},{"@type":"WebPage","@id":"https:\/\/www.sixt.com.br\/magazine\/noticias\/sono-sion-carro-solar\/","url":"https:\/\/www.sixt.com.br\/magazine\/noticias\/sono-sion-carro-solar\/","name":"SONO SION: O CARRO SOLAR E EL\u00c9TRICO QUE QUER REVOLUCIONAR A IND\u00daSTRIA\u00a0 - Sixt Magazine","isPartOf":{"@id":"https:\/\/www.sixt.com.br\/magazine\/#website"},"primaryImageOfPage":{"@id":"https:\/\/www.sixt.com.br\/magazine\/noticias\/sono-sion-carro-solar\/#primaryimage"},"image":{"@id":"https:\/\/www.sixt.com.br\/magazine\/noticias\/sono-sion-carro-solar\/#primaryimage"},"thumbnailUrl":"https:\/\/www.sixt.com.br\/magazine\/wp-content\/uploads\/\/sites\/15\/2022\/06\/sono-sion-coche-solar-750x420-1.jpg","datePublished":"2022-06-24T11:34:03+00:00","dateModified":"2022-06-24T11:34:04+00:00","author":{"@id":""},"description":"O Sono Sion pretende mudar a ind\u00fastria automotiva dos carros el\u00e9tricos, com um sistema de carregamento solar.","breadcrumb":{"@id":"https:\/\/www.sixt.com.br\/magazine\/noticias\/sono-sion-carro-solar\/#breadcrumb"},"inLanguage":"en-US","potentialAction":[{"@type":"ReadAction","target":["https:\/\/www.sixt.com.br\/magazine\/noticias\/sono-sion-carro-solar\/"]}]},{"@type":"ImageObject","inLanguage":"en-US","@id":"https:\/\/www.sixt.com.br\/magazine\/noticias\/sono-sion-carro-solar\/#primaryimage","url":"https:\/\/www.sixt.com.br\/magazine\/wp-content\/uploads\/\/sites\/15\/2022\/06\/sono-sion-coche-solar-750x420-1.jpg","contentUrl":"https:\/\/www.sixt.com.br\/magazine\/wp-content\/uploads\/\/sites\/15\/2022\/06\/sono-sion-coche-solar-750x420-1.jpg","width":750,"height":420},{"@type":"BreadcrumbList","@id":"https:\/\/www.sixt.com.br\/magazine\/noticias\/sono-sion-carro-solar\/#breadcrumb","itemListElement":[{"@type":"ListItem","position":1,"name":"Home","item":"https:\/\/www.sixt.com.br\/magazine\/"},{"@type":"ListItem","position":2,"name":"SONO SION: O CARRO SOLAR E EL\u00c9TRICO QUE QUER REVOLUCIONAR A IND\u00daSTRIA\u00a0"}]},{"@type":"WebSite","@id":"https:\/\/www.sixt.com.br\/magazine\/#website","url":"https:\/\/www.sixt.com.br\/magazine\/","name":"Sixt Brasil Magazine","description":"Dicas de viagem e not\u00edcias da Sixt","potentialAction":[{"@type":"SearchAction","target":{"@type":"EntryPoint","urlTemplate":"https:\/\/www.sixt.com.br\/magazine\/?s={search_term_string}"},"query-input":{"@type":"PropertyValueSpecification","valueRequired":true,"valueName":"search_term_string"}}],"inLanguage":"en-US"},{"@type":"Person","@id":"","url":"https:\/\/www.sixt.com.br\/magazine\/author\/"}]}},"_links":{"self":[{"href":"https:\/\/www.sixt.com.br\/magazine\/wp-json\/wp\/v2\/posts\/1478","targetHints":{"allow":["GET"]}}],"collection":[{"href":"https:\/\/www.sixt.com.br\/magazine\/wp-json\/wp\/v2\/posts"}],"about":[{"href":"https:\/\/www.sixt.com.br\/magazine\/wp-json\/wp\/v2\/types\/post"}],"author":[{"embeddable":true,"href":"https:\/\/www.sixt.com.br\/magazine\/wp-json\/wp\/v2\/users\/45"}],"replies":[{"embeddable":true,"href":"https:\/\/www.sixt.com.br\/magazine\/wp-json\/wp\/v2\/comments?post=1478"}],"version-history":[{"count":0,"href":"https:\/\/www.sixt.com.br\/magazine\/wp-json\/wp\/v2\/posts\/1478\/revisions"}],"wp:featuredmedia":[{"embeddable":true,"href":"https:\/\/www.sixt.com.br\/magazine\/wp-json\/wp\/v2\/media\/1479"}],"wp:attachment":[{"href":"https:\/\/www.sixt.com.br\/magazine\/wp-json\/wp\/v2\/media?parent=1478"}],"wp:term":[{"taxonomy":"category","embeddable":true,"href":"https:\/\/www.sixt.com.br\/magazine\/wp-json\/wp\/v2\/categories?post=1478"},{"taxonomy":"post_tag","embeddable":true,"href":"https:\/\/www.sixt.com.br\/magazine\/wp-json\/wp\/v2\/tags?post=1478"}],"curies":[{"name":"wp","href":"https:\/\/api.w.org\/{rel}","templated":true}]}}