{"id":1431,"date":"2022-04-01T07:19:08","date_gmt":"2022-04-01T07:19:08","guid":{"rendered":"https:\/\/www.sixt.com.br\/magazine\/?p=1431"},"modified":"2022-04-01T07:32:47","modified_gmt":"2022-04-01T07:32:47","slug":"mobylette-caloi-eletrica","status":"publish","type":"post","link":"https:\/\/www.sixt.com.br\/magazine\/noticias\/mobylette-caloi-eletrica\/","title":{"rendered":"A MOBYLETTE CALOI EST\u00c1 DE VOLTA, POR\u00c9M EL\u00c9TRICA!"},"content":{"rendered":"\n<p>\u00cdcone da mobilidade brasileira dos anos 70 e 80, a <a href=\"https:\/\/caloi.com\/produto\/mobylette\/\" target=\"_blank\" rel=\"noreferrer noopener\">Mobylette Caloi<\/a> est\u00e1 de volta ao mercado com uma novidade: totalmente el\u00e9trica. Grande destaque da Caloi &#8211; marca brasileira de bicicletas h\u00e1 124 anos, a Mobylette vem agora com um visual moderno, por\u00e9m mantendo detalhes do passado, como o banco, bagageiro e cores cl\u00e1ssicas da antiga vers\u00e3o. Sonho de consumo de jovens de v\u00e1rias gera\u00e7\u00f5es, a Mobylette era um ciclomotor movido a gasolina, entre moto e bicicleta.<\/p>\n\n\n\n<figure class=\"wp-block-image size-full\"><img decoding=\"async\" width=\"1024\" height=\"856\" data-src=\"https:\/\/www.sixt.com.br\/magazine\/wp-content\/uploads\/\/sites\/15\/2022\/03\/Mobylette-Anguladaretrovisor-1.jpg\" alt=\"Mobylette Caloi\" class=\"wp-image-1432 lazyload\" data-srcset=\"https:\/\/www.sixt.com.br\/magazine\/wp-content\/uploads\/\/sites\/15\/2022\/03\/Mobylette-Anguladaretrovisor-1.jpg 1024w, https:\/\/www.sixt.com.br\/magazine\/wp-content\/uploads\/\/sites\/15\/2022\/03\/Mobylette-Anguladaretrovisor-1-300x251.jpg 300w, https:\/\/www.sixt.com.br\/magazine\/wp-content\/uploads\/\/sites\/15\/2022\/03\/Mobylette-Anguladaretrovisor-1-768x642.jpg 768w\" data-sizes=\"(max-width: 1024px) 100vw, 1024px\" src=\"data:image\/svg+xml;base64,PHN2ZyB3aWR0aD0iMSIgaGVpZ2h0PSIxIiB4bWxucz0iaHR0cDovL3d3dy53My5vcmcvMjAwMC9zdmciPjwvc3ZnPg==\" style=\"--smush-placeholder-width: 1024px; --smush-placeholder-aspect-ratio: 1024\/856;\" \/><figcaption>Mobylette Caloi &#8211; Divulga\u00e7\u00e3o<\/figcaption><\/figure>\n\n\n\n<p>Toda a geometria da nova Mobylette foi pensada de acordo com as necessidades do ciclista brasileiro. Pilotagem vertical vers\u00e1til e f\u00e1cil para obten\u00e7\u00e3o de uma velocidade eficiente. A bike \u00e9 ideal para encarar trechos urbanos curtos do dia a dia, assim como passeios mais longos. O modelo tem ainda tubo rebaixado, assim como na primeira Mobylette, fator que facilita ao ciclista subir na bike, permitindo assim uma melhor pedalada. Os pneus de quatro polegadas s\u00e3o outros atrativos que proporcionam maior estabilidade, absorvendo todo tipo de impacto e garantindo maior conforto e rendimento. A Caloi Mobylette tem pre\u00e7o sugerido de R$ 9.199,00.<\/p>\n\n\n\n<h3 class=\"wp-block-heading\">EL\u00c9TRICA E SILENCIOSA<\/h3>\n\n\n\n<p>Equipada com um motor de cubo de 350W de pot\u00eancia, a Mobylette pode ser acionada tanto pelo movimento da pedalada, como pelo acelerador integrado ao display. A bateria fica instalada debaixo do banco e tem autonomia de at\u00e9 30km. A tecnologia deixou a bike n\u00e3o s\u00f3 mais eficiente, mas tamb\u00e9m silenciosa, abandonando o alto barulho de seu modelo antigo.<\/p>\n\n\n\n<blockquote class=\"wp-block-quote is-layout-flow wp-block-quote-is-layout-flow\"><p><em>Trabalhar no projeto Mobyllete foi como um retorno ao passado, onde buscamos n\u00e3o s\u00f3 resgatar a experi\u00eancia de mobilidade exercida pela Mobyllete nos anos 70, mas tamb\u00e9m trazer de volta caracter\u00edsticas \u00fanicas que s\u00f3 um produto com mais de 50 anos pode ter. Todo o projeto buscou remeter a cl\u00e1ssica Mobylette dos anos 70 mas sempre de forma modernizada, afinal n\u00e3o estamos falando de uma r\u00e9plica ou releitura de um cl\u00e1ssico, mas sim de um novo caminho para a mobilidade<\/em>\u201d, explica Marcos Ribeiro, executivo da Caloi.<\/p><\/blockquote>\n\n\n\n<h3 class=\"wp-block-heading\">MERCADO MAIS SUSTENT\u00c1VEL<\/h3>\n\n\n\n<p>Para atender a mudan\u00e7a de h\u00e1bitos da sociedade e buscando uma nova forma de locomo\u00e7\u00e3o mais sustent\u00e1vel, foi projetada a nova Mobylette el\u00e9trica. O jovem consumidor brasileiro quer se locomover pelos centros urbanos com mais rapidez, economia e menos depend\u00eancia de um carro. Uma boa resposta para esta quest\u00e3o \u00e9 o crescimento do mercado de e-bikes no Brasil, cerca de 27% maior desde o \u00faltimo ano, entre produ\u00e7\u00e3o e importa\u00e7\u00e3o.<\/p>\n\n\n\n<figure class=\"wp-block-image size-full is-resized\"><img decoding=\"async\" data-src=\"https:\/\/www.sixt.com.br\/magazine\/wp-content\/uploads\/\/sites\/15\/2022\/03\/Mobylette-Acelerador-1.jpg\" alt=\"Mobylette Caloi\" class=\"wp-image-1433 lazyload\" width=\"840\" height=\"702\" data-srcset=\"https:\/\/www.sixt.com.br\/magazine\/wp-content\/uploads\/\/sites\/15\/2022\/03\/Mobylette-Acelerador-1.jpg 1024w, https:\/\/www.sixt.com.br\/magazine\/wp-content\/uploads\/\/sites\/15\/2022\/03\/Mobylette-Acelerador-1-300x251.jpg 300w, https:\/\/www.sixt.com.br\/magazine\/wp-content\/uploads\/\/sites\/15\/2022\/03\/Mobylette-Acelerador-1-768x642.jpg 768w\" data-sizes=\"(max-width: 840px) 100vw, 840px\" src=\"data:image\/svg+xml;base64,PHN2ZyB3aWR0aD0iMSIgaGVpZ2h0PSIxIiB4bWxucz0iaHR0cDovL3d3dy53My5vcmcvMjAwMC9zdmciPjwvc3ZnPg==\" style=\"--smush-placeholder-width: 840px; --smush-placeholder-aspect-ratio: 840\/702;\" \/><figcaption>Mobylette Caloi &#8211; Divulga\u00e7\u00e3o<\/figcaption><\/figure>\n\n\n\n<h3 class=\"wp-block-heading\">LEGISLA\u00c7\u00c3O PARA CONDU\u00c7\u00c3O<\/h3>\n\n\n\n<p>Apesar da velocidade de no m\u00e1ximo 25km\/h, a Mobylette possui acelerador, o que a configura como um ciclomotor. Seguindo a legisla\u00e7\u00e3o de tr\u00e2nsito brasileira, \u00e9 necess\u00e1rio habilita\u00e7\u00e3o tipo A para motos, ou tipo ACC para ciclomotores. A Mobylette dever\u00e1 ser emplacada e deve ser obrigat\u00f3rio o uso de capacetes. \u00c9 tamb\u00e9m proibida sua condu\u00e7\u00e3o em&nbsp;estradas&nbsp;ou vias expressas, devendo sempre tentar se manter \u00e0 direita no tr\u00e2nsito. Al\u00e9m disso, ela n\u00e3o pode ser dirigida em ciclovias ou cal\u00e7adas, acarretando infra\u00e7\u00e3o grave.<\/p>\n\n\n\n<p><strong>Para saber mais, eniviamos algumas perguntas para Marcos Ribeiro, executivo da Caloi. Confira:  <\/strong><\/p>\n\n\n\n<p><strong>Qual a hist\u00f3ria da Mobylette?\u00a0Ela \u00e9 uma inven\u00e7\u00e3o brasileira?\u00a0<\/strong><\/p>\n\n\n\n<p><em>Ela n\u00e3o \u00e9 uma inven\u00e7\u00e3o brasileira. Esse tipo de ciclomotor nasceu na Fran\u00e7a, e depois de muito sucesso chegou ao Brasil atrav\u00e9s da marca Caloi, que come\u00e7ou a sua produ\u00e7\u00e3o em 1975 na rec\u00e9m-inaugurada f\u00e1brica instalada em Manaus. Essas vers\u00f5es da Mobylette eram a gasolina, com motor dois tempos e 50cc. Na \u00e9poca era sin\u00f4nimo de economia de combust\u00edvel porque faziam em m\u00e9dia 80km com 1 litro de gasolina.<\/em><\/p>\n\n\n\n<p><strong>A Mobylette era movida a gasolina, e agora passa a ser el\u00e9trica.&nbsp;O que motivou essa mudan\u00e7a?&nbsp;&nbsp;<\/strong><\/p>\n\n\n\n<p><em>Voltamos com ela em uma nova vers\u00e3o, agora remixada para atender \u00e0s necessidades dos jovens de hoje que est\u00e3o em busca do consumo consciente, com menor impacto ambiental e que continue econ\u00f4mica assim como foi sua irm\u00e3 mais velha.<\/em><\/p>\n\n\n\n<p><strong>Como a Caloi, v\u00ea a mudan\u00e7a ecol\u00f3gica da mobilidade urbana no Brasil?&nbsp;<\/strong><\/p>\n\n\n\n<p><em>Estamos vendo com excelentes expectativas. O mercado brasileiro vem apresentando desde 2017 um crescimento importante tanto na produ\u00e7\u00e3o quanto na venda de bicicletas el\u00e9tricas. Dessa forma estamos trabalhando fortemente em desenvolvimento e inova\u00e7\u00e3o dos nossos produtos e tecnologias, partindo de um portf\u00f3lio de 2 modelos para 7 atualmente e contribuindo assim para essa revolu\u00e7\u00e3o na mobilidade urban<\/em>a.<\/p>\n\n\n\n<p><strong>Qual \u00e9 o tipo de bateria? Quantos ciclos (vezes que podem ser recarregadas) elas duram?<\/strong><\/p>\n\n\n\n<p><em>Bateria &#8211; Ion-Litio \u2013 36v \u2013 10.4Ah. Vida \u00fatil da bateria: at\u00e9 500 ciclos de recarga.<\/em><\/p>\n\n\n\n<p><strong>Qual s\u00e3o as instru\u00e7\u00f5es para troca da bateria quando acabar sua vida \u00fatil?&nbsp;&nbsp;<\/strong><\/p>\n\n\n\n<p><em>A Caloi orienta que os condutores descartem a bateria e demais dispositivos eletr\u00f4nicos da Mobylette, no fim de sua vida \u00fatil, em pontos de coleta encontrados na rede de assist\u00eancia t\u00e9cnica Caloi e em suas lojas autorizadas, reduzindo assim o impacto ambiental.<\/em><\/p>\n\n\n\n<p><strong>Qual o principal p\u00fablico da Caloi Mobylette e quais as expectativas para as vendas?<\/strong><\/p>\n\n\n\n<p><em>Acreditamos que teremos um p\u00fablico bastante nost\u00e1lgico da d\u00e9cada de 70 e 80 que tiveram a Mobylette nessa \u00e9poca e tamb\u00e9m os que sonharam em ter, mas estamos buscando principalmente o p\u00fablico jovem que est\u00e1 em busca de uma alternativa mais sustent\u00e1vel, econ\u00f4mica e saud\u00e1vel para se locomover nas cidades.<\/em><\/p>\n<!-- AddThis Advanced Settings generic via filter on the_content --><!-- AddThis Share Buttons generic via filter on the_content -->","protected":false},"excerpt":{"rendered":"<p>\u00cdcone da mobilidade brasileira dos anos 70 e 80, a Mobylette Caloi est\u00e1 de volta ao mercado com uma novidade: totalmente el\u00e9trica. Grande destaque da Caloi &#8211; marca brasileira de bicicletas h\u00e1 124 anos, a Mobylette vem agora com um visual moderno, por\u00e9m mantendo detalhes do passado, como o banco, bagageiro e cores cl\u00e1ssicas da&#8230;<!-- AddThis Advanced Settings generic via filter on get_the_excerpt --><!-- AddThis Share Buttons generic via filter on get_the_excerpt --><\/p>\n","protected":false},"author":45,"featured_media":1432,"comment_status":"open","ping_status":"open","sticky":false,"template":"","format":"standard","meta":{"_genesis_hide_title":false,"_genesis_hide_breadcrumbs":false,"_genesis_hide_singular_image":false,"_genesis_hide_footer_widgets":false,"_genesis_custom_body_class":"","_genesis_custom_post_class":"","_genesis_layout":"","ngg_post_thumbnail":0,"footnotes":""},"categories":[59,3],"tags":[],"class_list":{"0":"post-1431","1":"post","2":"type-post","3":"status-publish","4":"format-standard","5":"has-post-thumbnail","7":"category-future-mobility","8":"category-noticias","9":"entry"},"yoast_head":"<!-- This site is optimized with the Yoast SEO plugin v27.1.1 - https:\/\/yoast.com\/product\/yoast-seo-wordpress\/ -->\n<title>A MOBYLETTE CALOI EST\u00c1 DE VOLTA, POR\u00c9M EL\u00c9TRICA! - Sixt Magazine<\/title>\n<meta name=\"description\" content=\"A Caloi lan\u00e7ou sua nova Mobylette el\u00e9trica, a cl\u00e1ssica moto bicicleta est\u00e1 de volta: por\u00e9m muito mais sustent\u00e1vel!\" \/>\n<meta name=\"robots\" content=\"index, follow, max-snippet:-1, max-image-preview:large, max-video-preview:-1\" \/>\n<link rel=\"canonical\" href=\"https:\/\/www.sixt.com.br\/magazine\/noticias\/mobylette-caloi-eletrica\/\" \/>\n<meta property=\"og:locale\" content=\"en_US\" \/>\n<meta property=\"og:type\" content=\"article\" \/>\n<meta property=\"og:title\" content=\"A MOBYLETTE CALOI EST\u00c1 DE VOLTA, POR\u00c9M EL\u00c9TRICA! - Sixt Magazine\" \/>\n<meta property=\"og:description\" content=\"A Caloi lan\u00e7ou sua nova Mobylette el\u00e9trica, a cl\u00e1ssica moto bicicleta est\u00e1 de volta: por\u00e9m muito mais sustent\u00e1vel!\" \/>\n<meta property=\"og:url\" content=\"https:\/\/www.sixt.com.br\/magazine\/noticias\/mobylette-caloi-eletrica\/\" \/>\n<meta property=\"og:site_name\" content=\"Sixt Brasil Magazine\" \/>\n<meta property=\"article:published_time\" content=\"2022-04-01T07:19:08+00:00\" \/>\n<meta property=\"article:modified_time\" content=\"2022-04-01T07:32:47+00:00\" \/>\n<meta property=\"og:image\" content=\"https:\/\/www.sixt.com.br\/magazine\/wp-content\/uploads\/\/sites\/15\/2022\/03\/Mobylette-Anguladaretrovisor-1.jpg\" \/>\n\t<meta property=\"og:image:width\" content=\"1024\" \/>\n\t<meta property=\"og:image:height\" content=\"856\" \/>\n\t<meta property=\"og:image:type\" content=\"image\/jpeg\" \/>\n<meta name=\"twitter:card\" content=\"summary_large_image\" \/>\n<meta name=\"twitter:label1\" content=\"Written by\" \/>\n\t<meta name=\"twitter:data1\" content=\"\" \/>\n\t<meta name=\"twitter:label2\" content=\"Est. reading time\" \/>\n\t<meta name=\"twitter:data2\" content=\"5 minutes\" \/>\n<!-- \/ Yoast SEO plugin. -->","yoast_head_json":{"title":"A MOBYLETTE CALOI EST\u00c1 DE VOLTA, POR\u00c9M EL\u00c9TRICA! - Sixt Magazine","description":"A Caloi lan\u00e7ou sua nova Mobylette el\u00e9trica, a cl\u00e1ssica moto bicicleta est\u00e1 de volta: por\u00e9m muito mais sustent\u00e1vel!","robots":{"index":"index","follow":"follow","max-snippet":"max-snippet:-1","max-image-preview":"max-image-preview:large","max-video-preview":"max-video-preview:-1"},"canonical":"https:\/\/www.sixt.com.br\/magazine\/noticias\/mobylette-caloi-eletrica\/","og_locale":"en_US","og_type":"article","og_title":"A MOBYLETTE CALOI EST\u00c1 DE VOLTA, POR\u00c9M EL\u00c9TRICA! - Sixt Magazine","og_description":"A Caloi lan\u00e7ou sua nova Mobylette el\u00e9trica, a cl\u00e1ssica moto bicicleta est\u00e1 de volta: por\u00e9m muito mais sustent\u00e1vel!","og_url":"https:\/\/www.sixt.com.br\/magazine\/noticias\/mobylette-caloi-eletrica\/","og_site_name":"Sixt Brasil Magazine","article_published_time":"2022-04-01T07:19:08+00:00","article_modified_time":"2022-04-01T07:32:47+00:00","og_image":[{"width":1024,"height":856,"url":"https:\/\/www.sixt.com.br\/magazine\/wp-content\/uploads\/\/sites\/15\/2022\/03\/Mobylette-Anguladaretrovisor-1.jpg","type":"image\/jpeg"}],"twitter_card":"summary_large_image","twitter_misc":{"Written by":"","Est. reading time":"5 minutes"},"schema":{"@context":"https:\/\/schema.org","@graph":[{"@type":"Article","@id":"https:\/\/www.sixt.com.br\/magazine\/noticias\/mobylette-caloi-eletrica\/#article","isPartOf":{"@id":"https:\/\/www.sixt.com.br\/magazine\/noticias\/mobylette-caloi-eletrica\/"},"author":{"name":"","@id":""},"headline":"A MOBYLETTE CALOI EST\u00c1 DE VOLTA, POR\u00c9M EL\u00c9TRICA!","datePublished":"2022-04-01T07:19:08+00:00","dateModified":"2022-04-01T07:32:47+00:00","mainEntityOfPage":{"@id":"https:\/\/www.sixt.com.br\/magazine\/noticias\/mobylette-caloi-eletrica\/"},"wordCount":942,"commentCount":0,"image":{"@id":"https:\/\/www.sixt.com.br\/magazine\/noticias\/mobylette-caloi-eletrica\/#primaryimage"},"thumbnailUrl":"https:\/\/www.sixt.com.br\/magazine\/wp-content\/uploads\/\/sites\/15\/2022\/03\/Mobylette-Anguladaretrovisor-1.jpg","articleSection":["Future Mobility","Not\u00edcias"],"inLanguage":"en-US","potentialAction":[{"@type":"CommentAction","name":"Comment","target":["https:\/\/www.sixt.com.br\/magazine\/noticias\/mobylette-caloi-eletrica\/#respond"]}]},{"@type":"WebPage","@id":"https:\/\/www.sixt.com.br\/magazine\/noticias\/mobylette-caloi-eletrica\/","url":"https:\/\/www.sixt.com.br\/magazine\/noticias\/mobylette-caloi-eletrica\/","name":"A MOBYLETTE CALOI EST\u00c1 DE VOLTA, POR\u00c9M EL\u00c9TRICA! - Sixt Magazine","isPartOf":{"@id":"https:\/\/www.sixt.com.br\/magazine\/#website"},"primaryImageOfPage":{"@id":"https:\/\/www.sixt.com.br\/magazine\/noticias\/mobylette-caloi-eletrica\/#primaryimage"},"image":{"@id":"https:\/\/www.sixt.com.br\/magazine\/noticias\/mobylette-caloi-eletrica\/#primaryimage"},"thumbnailUrl":"https:\/\/www.sixt.com.br\/magazine\/wp-content\/uploads\/\/sites\/15\/2022\/03\/Mobylette-Anguladaretrovisor-1.jpg","datePublished":"2022-04-01T07:19:08+00:00","dateModified":"2022-04-01T07:32:47+00:00","author":{"@id":""},"description":"A Caloi lan\u00e7ou sua nova Mobylette el\u00e9trica, a cl\u00e1ssica moto bicicleta est\u00e1 de volta: por\u00e9m muito mais sustent\u00e1vel!","breadcrumb":{"@id":"https:\/\/www.sixt.com.br\/magazine\/noticias\/mobylette-caloi-eletrica\/#breadcrumb"},"inLanguage":"en-US","potentialAction":[{"@type":"ReadAction","target":["https:\/\/www.sixt.com.br\/magazine\/noticias\/mobylette-caloi-eletrica\/"]}]},{"@type":"ImageObject","inLanguage":"en-US","@id":"https:\/\/www.sixt.com.br\/magazine\/noticias\/mobylette-caloi-eletrica\/#primaryimage","url":"https:\/\/www.sixt.com.br\/magazine\/wp-content\/uploads\/\/sites\/15\/2022\/03\/Mobylette-Anguladaretrovisor-1.jpg","contentUrl":"https:\/\/www.sixt.com.br\/magazine\/wp-content\/uploads\/\/sites\/15\/2022\/03\/Mobylette-Anguladaretrovisor-1.jpg","width":1024,"height":856},{"@type":"BreadcrumbList","@id":"https:\/\/www.sixt.com.br\/magazine\/noticias\/mobylette-caloi-eletrica\/#breadcrumb","itemListElement":[{"@type":"ListItem","position":1,"name":"Home","item":"https:\/\/www.sixt.com.br\/magazine\/"},{"@type":"ListItem","position":2,"name":"A MOBYLETTE CALOI EST\u00c1 DE VOLTA, POR\u00c9M EL\u00c9TRICA!"}]},{"@type":"WebSite","@id":"https:\/\/www.sixt.com.br\/magazine\/#website","url":"https:\/\/www.sixt.com.br\/magazine\/","name":"Sixt Brasil Magazine","description":"Dicas de viagem e not\u00edcias da Sixt","potentialAction":[{"@type":"SearchAction","target":{"@type":"EntryPoint","urlTemplate":"https:\/\/www.sixt.com.br\/magazine\/?s={search_term_string}"},"query-input":{"@type":"PropertyValueSpecification","valueRequired":true,"valueName":"search_term_string"}}],"inLanguage":"en-US"},{"@type":"Person","@id":"","url":"https:\/\/www.sixt.com.br\/magazine\/author\/"}]}},"_links":{"self":[{"href":"https:\/\/www.sixt.com.br\/magazine\/wp-json\/wp\/v2\/posts\/1431","targetHints":{"allow":["GET"]}}],"collection":[{"href":"https:\/\/www.sixt.com.br\/magazine\/wp-json\/wp\/v2\/posts"}],"about":[{"href":"https:\/\/www.sixt.com.br\/magazine\/wp-json\/wp\/v2\/types\/post"}],"author":[{"embeddable":true,"href":"https:\/\/www.sixt.com.br\/magazine\/wp-json\/wp\/v2\/users\/45"}],"replies":[{"embeddable":true,"href":"https:\/\/www.sixt.com.br\/magazine\/wp-json\/wp\/v2\/comments?post=1431"}],"version-history":[{"count":0,"href":"https:\/\/www.sixt.com.br\/magazine\/wp-json\/wp\/v2\/posts\/1431\/revisions"}],"wp:featuredmedia":[{"embeddable":true,"href":"https:\/\/www.sixt.com.br\/magazine\/wp-json\/wp\/v2\/media\/1432"}],"wp:attachment":[{"href":"https:\/\/www.sixt.com.br\/magazine\/wp-json\/wp\/v2\/media?parent=1431"}],"wp:term":[{"taxonomy":"category","embeddable":true,"href":"https:\/\/www.sixt.com.br\/magazine\/wp-json\/wp\/v2\/categories?post=1431"},{"taxonomy":"post_tag","embeddable":true,"href":"https:\/\/www.sixt.com.br\/magazine\/wp-json\/wp\/v2\/tags?post=1431"}],"curies":[{"name":"wp","href":"https:\/\/api.w.org\/{rel}","templated":true}]}}