{"id":1378,"date":"2022-02-16T09:39:28","date_gmt":"2022-02-16T09:39:28","guid":{"rendered":"https:\/\/br.sx-magazine-wp.sixt.io\/magazine\/?p=1378"},"modified":"2022-02-16T09:39:29","modified_gmt":"2022-02-16T09:39:29","slug":"volvo-lidera-venda-eletricos-brasil","status":"publish","type":"post","link":"https:\/\/www.sixt.com.br\/magazine\/inovacao\/volvo-lidera-venda-eletricos-brasil\/","title":{"rendered":"VOLVO LIDERA VENDAS DE EL\u00c9TRICOS NO BRASIL"},"content":{"rendered":"\n<figure class=\"wp-block-image size-full\"><img decoding=\"async\" width=\"1024\" height=\"683\" data-src=\"https:\/\/www.sixt.com.br\/magazine\/wp-content\/uploads\/\/sites\/15\/2022\/02\/eletric-car-1.jpg\" alt=\"\" class=\"wp-image-1384 lazyload\" data-srcset=\"https:\/\/www.sixt.com.br\/magazine\/wp-content\/uploads\/\/sites\/15\/2022\/02\/eletric-car-1.jpg 1024w, https:\/\/www.sixt.com.br\/magazine\/wp-content\/uploads\/\/sites\/15\/2022\/02\/eletric-car-1-300x200.jpg 300w, https:\/\/www.sixt.com.br\/magazine\/wp-content\/uploads\/\/sites\/15\/2022\/02\/eletric-car-1-768x512.jpg 768w\" data-sizes=\"(max-width: 1024px) 100vw, 1024px\" src=\"data:image\/svg+xml;base64,PHN2ZyB3aWR0aD0iMSIgaGVpZ2h0PSIxIiB4bWxucz0iaHR0cDovL3d3dy53My5vcmcvMjAwMC9zdmciPjwvc3ZnPg==\" style=\"--smush-placeholder-width: 1024px; --smush-placeholder-aspect-ratio: 1024\/683;\" \/><\/figure>\n\n\n\n<p>O futuro do carro el\u00e9trico no Brasil parece promissor. A gigante montadora de carros sueca Volvo,&nbsp;est\u00e1 fazendo suas apostas no pa\u00eds. Liderando o mercado de carros h\u00edbridos e el\u00e9tricos no Brasil. A montadora vendeu mais de 100 exemplares de seu modelo&nbsp;SUV&nbsp;Volvo&nbsp;XC40&nbsp;Pure&nbsp;Electric, apenas em janeiro de 2022. O modelo foi lan\u00e7ado no mercado em setembro do ano passado, e repercutiu positivamente no mercado brasileiro. Segundo a Volvo Brasil, a montadora \u00e9 a primeira marca a retirar de linha todos os modelos movidos \u00e0 combust\u00e3o no pa\u00eds, ou seja, a eletrifica\u00e7\u00e3o de toda a frota \u00e9 real.<br><br>De acordo com a Associa\u00e7\u00e3o Brasileira do Ve\u00edculo El\u00e9trico&nbsp;ABVE, a Volvo tamb\u00e9m lidera as vendas de carros de modelos&nbsp;plug-in&nbsp;BEVs&nbsp;(carros el\u00e9tricos a bateria) e&nbsp;PHEVs&nbsp;(carros el\u00e9tricos de&nbsp;plug-in), abocanhando 48,62% deste mercado. Circulam no Brasil cerca de pouco mais de 5 mil carros, sem contar com modelos comerciais ou&nbsp;superleves. O pa\u00eds parece ter bastante campo para expandir neste mercado. A&nbsp;descarboniza\u00e7\u00e3o&nbsp;da mobilidade \u00e9 hoje uma tend\u00eancia mundial, e \u00e9 de se esperar que em um mercado automobil\u00edstico t\u00e3o grande quanto o Brasil, siga o mesmo caminho acompanhando os demais pa\u00edses internacionais.<\/p>\n\n\n\n<h2 class=\"wp-block-heading\">MODELO DE SUCESSO<\/h2>\n\n\n\n<figure class=\"wp-block-image size-large\"><img decoding=\"async\" width=\"1024\" height=\"644\" data-src=\"https:\/\/www.sixt.com.br\/magazine\/wp-content\/uploads\/\/sites\/15\/2022\/02\/volvo-1024x644.jpg\" alt=\"\" class=\"wp-image-1381 lazyload\" data-srcset=\"https:\/\/www.sixt.com.br\/magazine\/wp-content\/uploads\/\/sites\/15\/2022\/02\/volvo-1024x644.jpg 1024w, https:\/\/www.sixt.com.br\/magazine\/wp-content\/uploads\/\/sites\/15\/2022\/02\/volvo-300x189.jpg 300w, https:\/\/www.sixt.com.br\/magazine\/wp-content\/uploads\/\/sites\/15\/2022\/02\/volvo-768x483.jpg 768w, https:\/\/www.sixt.com.br\/magazine\/wp-content\/uploads\/\/sites\/15\/2022\/02\/volvo.jpg 1207w\" data-sizes=\"(max-width: 1024px) 100vw, 1024px\" src=\"data:image\/svg+xml;base64,PHN2ZyB3aWR0aD0iMSIgaGVpZ2h0PSIxIiB4bWxucz0iaHR0cDovL3d3dy53My5vcmcvMjAwMC9zdmciPjwvc3ZnPg==\" style=\"--smush-placeholder-width: 1024px; --smush-placeholder-aspect-ratio: 1024\/644;\" \/><figcaption>  XC40&nbsp;Pure&nbsp;Electric, Volvo Brasil &#8211; foto divulga\u00e7\u00e3o<\/figcaption><\/figure>\n\n\n\n<p>A Volvo ainda apresenta ao mercado brasileiro a vers\u00e3o el\u00e9trica ou h\u00edbrida de todos os seus modelos de carros. O valor para o seu&nbsp;SUV&nbsp;totalmente el\u00e9trico, o&nbsp;XC40&nbsp;Pure&nbsp;Electric, chega a cerca de 350 mil reais. O valor n\u00e3o \u00e9 nada&nbsp;extraordi\u00e1rio&nbsp;para os consumidores de carros europeus no Brasil. O carro conta com autonomia de mais de 400 quil\u00f4metros, e seu carregamento completo \u00e9 feito em apenas de 1 hora. Talvez este seja o seu ponto alto, a n\u00e3o demora para recarregar apesar das longas&nbsp;dit\u00e2ncias&nbsp;percorridas &#8211; voc\u00ea pode cruzar de um estado a outro sem precisar se preocupar. Sobre o motor,&nbsp;SUV&nbsp;el\u00e9trico conta com 408&nbsp;hp&nbsp;de pot\u00eancia, e acelera\u00e7\u00e3o que vai de 0 a&nbsp;100km&nbsp;em apenas 4,9 segundos, um grande diferencial.<\/p>\n\n\n\n<h2 class=\"wp-block-heading\">APOSTAS NO BRASIL<\/h2>\n\n\n\n<p>A sueca ainda divulgou um plano para instalar carregadores r\u00e1pidos nas principais rodovias brasileiras, al\u00e9m de um investimento de R$ 1,5 bilh\u00e3o no pa\u00eds at\u00e9 2025. O an\u00fancio se deu ap\u00f3s a empresa quebrar um recorde hist\u00f3rico de vendas generalizadas no Brasil. Foram 21,8 mil caminh\u00f5es comercializados em 2021, cerca de 45,7% a mais que no ano de 2020.&nbsp;Os planos da montadora \u00e9 investir&nbsp;em projetos de pesquisa e desenvolvimento de produtos e servi\u00e7os no mercado brasileiro. Vale lembrar que a montadora lan\u00e7ou seu primeiro modelo h\u00edbrido no Brasil em 2018.<\/p>\n\n\n\n<h2 class=\"wp-block-heading\">CONCORR\u00caNCIA \u00c0 VISTA<\/h2>\n\n\n\n<div class=\"wp-block-image\"><figure class=\"aligncenter size-full\"><img decoding=\"async\" width=\"992\" height=\"654\" data-src=\"https:\/\/www.sixt.com.br\/magazine\/wp-content\/uploads\/\/sites\/15\/2022\/02\/BYD-Tan.jpg\" alt=\"\" class=\"wp-image-1383 lazyload\" data-srcset=\"https:\/\/www.sixt.com.br\/magazine\/wp-content\/uploads\/\/sites\/15\/2022\/02\/BYD-Tan.jpg 992w, https:\/\/www.sixt.com.br\/magazine\/wp-content\/uploads\/\/sites\/15\/2022\/02\/BYD-Tan-300x198.jpg 300w, https:\/\/www.sixt.com.br\/magazine\/wp-content\/uploads\/\/sites\/15\/2022\/02\/BYD-Tan-768x506.jpg 768w\" data-sizes=\"(max-width: 992px) 100vw, 992px\" src=\"data:image\/svg+xml;base64,PHN2ZyB3aWR0aD0iMSIgaGVpZ2h0PSIxIiB4bWxucz0iaHR0cDovL3d3dy53My5vcmcvMjAwMC9zdmciPjwvc3ZnPg==\" style=\"--smush-placeholder-width: 992px; --smush-placeholder-aspect-ratio: 992\/654;\" \/><figcaption>TAN EV, BYD Brasil &#8211; foto divulga\u00e7\u00e3o<\/figcaption><\/figure><\/div>\n\n\n\n<p>Outra gigante montadora de carros el\u00e9tricos promete esquentar o mercado brasileiro, e fazer concorr\u00eancia frente \u00e0 Volvo. A chinesa&nbsp;BYD&nbsp;ir\u00e1 lan\u00e7ar dois novos modelos de carros el\u00e9tricos no pa\u00eds. Os modelos ser\u00e3o&nbsp;SUVs&nbsp;e sed\u00e3s, com tecnologia de ponta ainda a serem divulgados. A&nbsp;BYD&nbsp;atua no ramo de carros de luxo, para competir com os europeus e tamb\u00e9m garantir uma parcela deste mercado.<\/p>\n\n\n\n<p>O modelo SUV Tan, \u00e9 por enquanto o grande carro chefe da empresa em solo brasileiro. O carro custa em torno de 500 mil reais, lan\u00e7ado no mercado em 2015. At\u00e9 hoje for\u00e3o vendidos cerca de 150 unidades de SUV Tan no pa\u00eds. Vale lembrar que a chinesa BYD \u00e9 a terceira maior montadora de carros do mundo em valor de mercado, ficando apenas atr\u00e1s de Tesla e Toyota.<\/p>\n<!-- AddThis Advanced Settings generic via filter on the_content --><!-- AddThis Share Buttons generic via filter on the_content -->","protected":false},"excerpt":{"rendered":"<p>O futuro do carro el\u00e9trico no Brasil parece promissor. A gigante montadora de carros sueca Volvo,&nbsp;est\u00e1 fazendo suas apostas no pa\u00eds. Liderando o mercado de carros h\u00edbridos e el\u00e9tricos no Brasil. A montadora vendeu mais de 100 exemplares de seu modelo&nbsp;SUV&nbsp;Volvo&nbsp;XC40&nbsp;Pure&nbsp;Electric, apenas em janeiro de 2022. O modelo foi lan\u00e7ado no mercado em setembro do&#8230;<!-- AddThis Advanced Settings generic via filter on get_the_excerpt --><!-- AddThis Share Buttons generic via filter on get_the_excerpt --><\/p>\n","protected":false},"author":45,"featured_media":0,"comment_status":"open","ping_status":"open","sticky":false,"template":"","format":"standard","meta":{"_genesis_hide_title":false,"_genesis_hide_breadcrumbs":false,"_genesis_hide_singular_image":false,"_genesis_hide_footer_widgets":false,"_genesis_custom_body_class":"","_genesis_custom_post_class":"","_genesis_layout":"","ngg_post_thumbnail":0,"footnotes":""},"categories":[5,3],"tags":[],"class_list":{"0":"post-1378","1":"post","2":"type-post","3":"status-publish","4":"format-standard","6":"category-inovacao","7":"category-noticias","8":"entry","9":"has-post-thumbnail"},"yoast_head":"<!-- This site is optimized with the Yoast SEO plugin v27.1.1 - https:\/\/yoast.com\/product\/yoast-seo-wordpress\/ -->\n<title>VOLVO LIDERA VENDAS DE EL\u00c9TRICOS NO BRASIL - Sixt Magazine<\/title>\n<meta name=\"description\" content=\"Volvo lidera as vendas do mercado de carros el\u00e9tricos no Brasil. Confira o modelo carro chefe da montadora sueca.\" \/>\n<meta name=\"robots\" content=\"index, follow, max-snippet:-1, max-image-preview:large, max-video-preview:-1\" \/>\n<link rel=\"canonical\" href=\"https:\/\/www.sixt.com.br\/magazine\/inovacao\/volvo-lidera-venda-eletricos-brasil\/\" \/>\n<meta property=\"og:locale\" content=\"en_US\" \/>\n<meta property=\"og:type\" content=\"article\" \/>\n<meta property=\"og:title\" content=\"VOLVO LIDERA VENDAS DE EL\u00c9TRICOS NO BRASIL - Sixt Magazine\" \/>\n<meta property=\"og:description\" content=\"Volvo lidera as vendas do mercado de carros el\u00e9tricos no Brasil. Confira o modelo carro chefe da montadora sueca.\" \/>\n<meta property=\"og:url\" content=\"https:\/\/www.sixt.com.br\/magazine\/inovacao\/volvo-lidera-venda-eletricos-brasil\/\" \/>\n<meta property=\"og:site_name\" content=\"Sixt Brasil Magazine\" \/>\n<meta property=\"article:published_time\" content=\"2022-02-16T09:39:28+00:00\" \/>\n<meta property=\"article:modified_time\" content=\"2022-02-16T09:39:29+00:00\" \/>\n<meta property=\"og:image\" content=\"https:\/\/www.sixt.com.br\/magazine\/wp-content\/uploads\/\/sites\/15\/2022\/02\/eletric-car-1.jpg\" \/>\n<meta name=\"twitter:card\" content=\"summary_large_image\" \/>\n<meta name=\"twitter:label1\" content=\"Written by\" \/>\n\t<meta name=\"twitter:data1\" content=\"\" \/>\n\t<meta name=\"twitter:label2\" content=\"Est. reading time\" \/>\n\t<meta name=\"twitter:data2\" content=\"3 minutes\" \/>\n<!-- \/ Yoast SEO plugin. -->","yoast_head_json":{"title":"VOLVO LIDERA VENDAS DE EL\u00c9TRICOS NO BRASIL - Sixt Magazine","description":"Volvo lidera as vendas do mercado de carros el\u00e9tricos no Brasil. Confira o modelo carro chefe da montadora sueca.","robots":{"index":"index","follow":"follow","max-snippet":"max-snippet:-1","max-image-preview":"max-image-preview:large","max-video-preview":"max-video-preview:-1"},"canonical":"https:\/\/www.sixt.com.br\/magazine\/inovacao\/volvo-lidera-venda-eletricos-brasil\/","og_locale":"en_US","og_type":"article","og_title":"VOLVO LIDERA VENDAS DE EL\u00c9TRICOS NO BRASIL - Sixt Magazine","og_description":"Volvo lidera as vendas do mercado de carros el\u00e9tricos no Brasil. Confira o modelo carro chefe da montadora sueca.","og_url":"https:\/\/www.sixt.com.br\/magazine\/inovacao\/volvo-lidera-venda-eletricos-brasil\/","og_site_name":"Sixt Brasil Magazine","article_published_time":"2022-02-16T09:39:28+00:00","article_modified_time":"2022-02-16T09:39:29+00:00","og_image":[{"url":"https:\/\/www.sixt.com.br\/magazine\/wp-content\/uploads\/\/sites\/15\/2022\/02\/eletric-car-1.jpg","type":"","width":"","height":""}],"twitter_card":"summary_large_image","twitter_misc":{"Written by":"","Est. reading time":"3 minutes"},"schema":{"@context":"https:\/\/schema.org","@graph":[{"@type":"Article","@id":"https:\/\/www.sixt.com.br\/magazine\/inovacao\/volvo-lidera-venda-eletricos-brasil\/#article","isPartOf":{"@id":"https:\/\/www.sixt.com.br\/magazine\/inovacao\/volvo-lidera-venda-eletricos-brasil\/"},"author":{"name":"","@id":""},"headline":"VOLVO LIDERA VENDAS DE EL\u00c9TRICOS NO BRASIL","datePublished":"2022-02-16T09:39:28+00:00","dateModified":"2022-02-16T09:39:29+00:00","mainEntityOfPage":{"@id":"https:\/\/www.sixt.com.br\/magazine\/inovacao\/volvo-lidera-venda-eletricos-brasil\/"},"wordCount":652,"commentCount":0,"image":{"@id":"https:\/\/www.sixt.com.br\/magazine\/inovacao\/volvo-lidera-venda-eletricos-brasil\/#primaryimage"},"thumbnailUrl":"https:\/\/www.sixt.com.br\/magazine\/wp-content\/uploads\/\/sites\/15\/2022\/02\/eletric-car-1.jpg","articleSection":["Inova\u00e7\u00e3o","Not\u00edcias"],"inLanguage":"en-US","potentialAction":[{"@type":"CommentAction","name":"Comment","target":["https:\/\/www.sixt.com.br\/magazine\/inovacao\/volvo-lidera-venda-eletricos-brasil\/#respond"]}]},{"@type":"WebPage","@id":"https:\/\/www.sixt.com.br\/magazine\/inovacao\/volvo-lidera-venda-eletricos-brasil\/","url":"https:\/\/www.sixt.com.br\/magazine\/inovacao\/volvo-lidera-venda-eletricos-brasil\/","name":"VOLVO LIDERA VENDAS DE EL\u00c9TRICOS NO BRASIL - Sixt Magazine","isPartOf":{"@id":"https:\/\/www.sixt.com.br\/magazine\/#website"},"primaryImageOfPage":{"@id":"https:\/\/www.sixt.com.br\/magazine\/inovacao\/volvo-lidera-venda-eletricos-brasil\/#primaryimage"},"image":{"@id":"https:\/\/www.sixt.com.br\/magazine\/inovacao\/volvo-lidera-venda-eletricos-brasil\/#primaryimage"},"thumbnailUrl":"https:\/\/www.sixt.com.br\/magazine\/wp-content\/uploads\/\/sites\/15\/2022\/02\/eletric-car-1.jpg","datePublished":"2022-02-16T09:39:28+00:00","dateModified":"2022-02-16T09:39:29+00:00","author":{"@id":""},"description":"Volvo lidera as vendas do mercado de carros el\u00e9tricos no Brasil. Confira o modelo carro chefe da montadora sueca.","breadcrumb":{"@id":"https:\/\/www.sixt.com.br\/magazine\/inovacao\/volvo-lidera-venda-eletricos-brasil\/#breadcrumb"},"inLanguage":"en-US","potentialAction":[{"@type":"ReadAction","target":["https:\/\/www.sixt.com.br\/magazine\/inovacao\/volvo-lidera-venda-eletricos-brasil\/"]}]},{"@type":"ImageObject","inLanguage":"en-US","@id":"https:\/\/www.sixt.com.br\/magazine\/inovacao\/volvo-lidera-venda-eletricos-brasil\/#primaryimage","url":"https:\/\/www.sixt.com.br\/magazine\/wp-content\/uploads\/\/sites\/15\/2022\/02\/eletric-car-1.jpg","contentUrl":"https:\/\/www.sixt.com.br\/magazine\/wp-content\/uploads\/\/sites\/15\/2022\/02\/eletric-car-1.jpg","width":1024,"height":683},{"@type":"BreadcrumbList","@id":"https:\/\/www.sixt.com.br\/magazine\/inovacao\/volvo-lidera-venda-eletricos-brasil\/#breadcrumb","itemListElement":[{"@type":"ListItem","position":1,"name":"Home","item":"https:\/\/www.sixt.com.br\/magazine\/"},{"@type":"ListItem","position":2,"name":"VOLVO LIDERA VENDAS DE EL\u00c9TRICOS NO BRASIL"}]},{"@type":"WebSite","@id":"https:\/\/www.sixt.com.br\/magazine\/#website","url":"https:\/\/www.sixt.com.br\/magazine\/","name":"Sixt Brasil Magazine","description":"Dicas de viagem e not\u00edcias da Sixt","potentialAction":[{"@type":"SearchAction","target":{"@type":"EntryPoint","urlTemplate":"https:\/\/www.sixt.com.br\/magazine\/?s={search_term_string}"},"query-input":{"@type":"PropertyValueSpecification","valueRequired":true,"valueName":"search_term_string"}}],"inLanguage":"en-US"},{"@type":"Person","@id":"","url":"https:\/\/www.sixt.com.br\/magazine\/author\/"}]}},"_links":{"self":[{"href":"https:\/\/www.sixt.com.br\/magazine\/wp-json\/wp\/v2\/posts\/1378","targetHints":{"allow":["GET"]}}],"collection":[{"href":"https:\/\/www.sixt.com.br\/magazine\/wp-json\/wp\/v2\/posts"}],"about":[{"href":"https:\/\/www.sixt.com.br\/magazine\/wp-json\/wp\/v2\/types\/post"}],"author":[{"embeddable":true,"href":"https:\/\/www.sixt.com.br\/magazine\/wp-json\/wp\/v2\/users\/45"}],"replies":[{"embeddable":true,"href":"https:\/\/www.sixt.com.br\/magazine\/wp-json\/wp\/v2\/comments?post=1378"}],"version-history":[{"count":0,"href":"https:\/\/www.sixt.com.br\/magazine\/wp-json\/wp\/v2\/posts\/1378\/revisions"}],"wp:attachment":[{"href":"https:\/\/www.sixt.com.br\/magazine\/wp-json\/wp\/v2\/media?parent=1378"}],"wp:term":[{"taxonomy":"category","embeddable":true,"href":"https:\/\/www.sixt.com.br\/magazine\/wp-json\/wp\/v2\/categories?post=1378"},{"taxonomy":"post_tag","embeddable":true,"href":"https:\/\/www.sixt.com.br\/magazine\/wp-json\/wp\/v2\/tags?post=1378"}],"curies":[{"name":"wp","href":"https:\/\/api.w.org\/{rel}","templated":true}]}}