{"id":1303,"date":"2022-01-13T15:28:31","date_gmt":"2022-01-13T15:28:31","guid":{"rendered":"https:\/\/br.sx-magazine-wp.sixt.io\/magazine\/?p=1303"},"modified":"2022-01-13T15:37:15","modified_gmt":"2022-01-13T15:37:15","slug":"futuro-do-carro-no-brasil","status":"publish","type":"post","link":"https:\/\/www.sixt.com.br\/magazine\/future-mobility\/futuro-do-carro-no-brasil\/","title":{"rendered":"Qual o futuro do carro no Brasil: el\u00e9tricos, h\u00edbridos ou etanol?"},"content":{"rendered":"\n<figure class=\"wp-block-image size-full\"><img decoding=\"async\" width=\"1024\" height=\"722\" data-src=\"https:\/\/www.sixt.com.br\/magazine\/wp-content\/uploads\/\/sites\/15\/2022\/01\/fabrica-de-carros-1.jpg\" alt=\"\" class=\"wp-image-1304 lazyload\" data-srcset=\"https:\/\/www.sixt.com.br\/magazine\/wp-content\/uploads\/\/sites\/15\/2022\/01\/fabrica-de-carros-1.jpg 1024w, https:\/\/www.sixt.com.br\/magazine\/wp-content\/uploads\/\/sites\/15\/2022\/01\/fabrica-de-carros-1-300x212.jpg 300w, https:\/\/www.sixt.com.br\/magazine\/wp-content\/uploads\/\/sites\/15\/2022\/01\/fabrica-de-carros-1-768x542.jpg 768w\" data-sizes=\"(max-width: 1024px) 100vw, 1024px\" src=\"data:image\/svg+xml;base64,PHN2ZyB3aWR0aD0iMSIgaGVpZ2h0PSIxIiB4bWxucz0iaHR0cDovL3d3dy53My5vcmcvMjAwMC9zdmciPjwvc3ZnPg==\" style=\"--smush-placeholder-width: 1024px; --smush-placeholder-aspect-ratio: 1024\/722;\" \/><\/figure>\n\n\n\n<p>A mobilidade tem seu futuro em carros el\u00e9tricos, isso \u00e9 um fato. Os mercados internacionais mais desenvolvidos seguem para a eletrifica\u00e7\u00e3o total de suas frotas, como a Europa, que caminha para a aprova\u00e7\u00e3o de leis que visam a emiss\u00e3o zero em ve\u00edculos a partir de 2035. Mas velocidade da substitui\u00e7\u00e3o das frotas de ve\u00edculos mundo \u00e0 fora, depende de uma s\u00e9rie de fatores. Investimento, legisla\u00e7\u00e3o, incentivos fiscais, opini\u00e3o p\u00fablica e poder aquisitivo s\u00e3o alguns dos pontos a serem levados em considera\u00e7\u00e3o. Alguns pa\u00edses como China, Estados Unidos e muitos da Europa, j\u00e1 est\u00e3o com os planos avan\u00e7ados nesta transforma\u00e7\u00e3o. Mas e o Brasil? Qual ser\u00e1 o nosso futuro, como e quando ser\u00e1?<\/p>\n\n\n\n<p>Para responder a essas perguntas um estudo feito pela Anfavea, a Associa\u00e7\u00e3o Nacional dos Fabricantes de Ve\u00edculos Automotores e a americana BCG &#8211; Boston Consulting Group, demonstra que em 15 os ve\u00edculos ser\u00e3o descarbonizados no Brasil. O estudo resultou em tr\u00eas fases de poss\u00edveis cen\u00e1rios para o Brasil.<\/p>\n\n\n\n<p>No primeiro cen\u00e1rio nomeado \u201cInercial\u201d, o estudo indica que estamos avan\u00e7ando de forma lenta, por\u00e9m as previs\u00f5es n\u00e3o s\u00e3o das piores. Considerando que o Brasil siga o ritmo atual, sem metas estabelecidas e sem uma pol\u00edtica nacional e governamental que incentive a eletrifica\u00e7\u00e3o, ainda sim cerca 12% a 22% dos carros ser\u00e3o eletrificados nos pr\u00f3ximos anos. At\u00e9 2035 ser\u00e3o cerca de 32% da frota do pa\u00eds. A previs\u00e3o ent\u00e3o \u00e9 a de que o mercado automotivo brasileiro ir\u00e1 produzir milh\u00f5es de unidades de ve\u00edculos eletrificados em 15 anos.<\/p>\n\n\n\n<figure class=\"wp-block-image size-full\"><img decoding=\"async\" width=\"1024\" height=\"683\" data-src=\"https:\/\/www.sixt.com.br\/magazine\/wp-content\/uploads\/\/sites\/15\/2022\/01\/Carro-eletrico-1.jpg\" alt=\"\" class=\"wp-image-1305 lazyload\" data-srcset=\"https:\/\/www.sixt.com.br\/magazine\/wp-content\/uploads\/\/sites\/15\/2022\/01\/Carro-eletrico-1.jpg 1024w, https:\/\/www.sixt.com.br\/magazine\/wp-content\/uploads\/\/sites\/15\/2022\/01\/Carro-eletrico-1-300x200.jpg 300w, https:\/\/www.sixt.com.br\/magazine\/wp-content\/uploads\/\/sites\/15\/2022\/01\/Carro-eletrico-1-768x512.jpg 768w\" data-sizes=\"(max-width: 1024px) 100vw, 1024px\" src=\"data:image\/svg+xml;base64,PHN2ZyB3aWR0aD0iMSIgaGVpZ2h0PSIxIiB4bWxucz0iaHR0cDovL3d3dy53My5vcmcvMjAwMC9zdmciPjwvc3ZnPg==\" style=\"--smush-placeholder-width: 1024px; --smush-placeholder-aspect-ratio: 1024\/683;\" \/><\/figure>\n\n\n\n<p>No segundo cen\u00e1rio, batizado de \u201cConverg\u00eancia Global\u201d, se criariam as condi\u00e7\u00f5es necess\u00e1rias para a virada de chave, alinhada \u00e0s mudan\u00e7as em curso nos pa\u00edses mais desenvolvidos, como China, Estados Unidos e Europa. Seriam feitos investimentos em toda cadeia, evolu\u00e7\u00e3o tecnol\u00f3gica e ades\u00e3o dos consumidores aos el\u00e9tricos. A proje\u00e7\u00e3o seria de cerca de 2,5 milh\u00f5es ve\u00edculos eletrificados at\u00e9 2035, 65% dos novos carros vendidos do mercado. Isso permitiria que o pa\u00eds chegaria a 2035 com n\u00edveis de eletrifica\u00e7\u00e3o pr\u00f3ximos aos dos mercados internacionais mais avan\u00e7ados.<\/p>\n\n\n\n<p>Considerando agora, o terceiro cen\u00e1rio da pesquisa, chamado de \u201cProtagonismo de Biocombust\u00edvel\u201d, o nosso bio combust\u00edvel Etanol, assumiria um papel estrat\u00e9gico para a descarboniza\u00e7\u00e3o da frota, mantendo a eletrifica\u00e7\u00e3o no n\u00edvel imaginado no primeiro cen\u00e1rio. Sendo assim viabilizado por regula\u00e7\u00e3o favor\u00e1vel, frota flex e ampla infraestrutura de produ\u00e7\u00e3o e distribui\u00e7\u00e3o.<\/p>\n\n\n\n<p>Este \u00faltimo cen\u00e1rio chamou bastante aten\u00e7\u00e3o da montadora alem\u00e3 Volkswagen. Visando uma forma de integrar \u00e0 estrat\u00e9gia mundial rumo a um futuro mais sustent\u00e1vel, a VW anunciou nos \u00faltimos meses a cria\u00e7\u00e3o de um centro de pesquisa e desenvolvimento de tecnologias baseadas no etanol e em outros biocombust\u00edveis.<\/p>\n\n\n\n<figure class=\"wp-block-image size-full\"><img decoding=\"async\" width=\"1024\" height=\"683\" data-src=\"https:\/\/www.sixt.com.br\/magazine\/wp-content\/uploads\/\/sites\/15\/2022\/01\/Etanol-1.jpg\" alt=\"\" class=\"wp-image-1306 lazyload\" data-srcset=\"https:\/\/www.sixt.com.br\/magazine\/wp-content\/uploads\/\/sites\/15\/2022\/01\/Etanol-1.jpg 1024w, https:\/\/www.sixt.com.br\/magazine\/wp-content\/uploads\/\/sites\/15\/2022\/01\/Etanol-1-300x200.jpg 300w, https:\/\/www.sixt.com.br\/magazine\/wp-content\/uploads\/\/sites\/15\/2022\/01\/Etanol-1-768x512.jpg 768w\" data-sizes=\"(max-width: 1024px) 100vw, 1024px\" src=\"data:image\/svg+xml;base64,PHN2ZyB3aWR0aD0iMSIgaGVpZ2h0PSIxIiB4bWxucz0iaHR0cDovL3d3dy53My5vcmcvMjAwMC9zdmciPjwvc3ZnPg==\" style=\"--smush-placeholder-width: 1024px; --smush-placeholder-aspect-ratio: 1024\/683;\" \/><\/figure>\n\n\n\n<p>Esta pesquisa foi feita em Agosto de 2020, e ouviu diferentes entidades da ind\u00fastria automobil\u00edstica e do governo, al\u00e9m de empresas de energia e combust\u00edveis. O resultado apontou cinco \u00e1reas de vital import\u00e2ncia para o problema das emiss\u00f5es, que, de forma simplificada, poderiam ser identificadas como governo, investimentos, ind\u00fastria, energia e mercado.<\/p>\n\n\n\n<p>Independente do caminho que o Brasil seguir neste contexto, a Anfavea antecipa que haver\u00e1 a &nbsp;necessidade de se estabelecer pol\u00edticas p\u00fablicas mais eficazes e com metas. Seja o foco nos biocombust\u00edveis ou para a eletrifica\u00e7\u00e3o em massa, para que desta forma o setor privado consiga estabelecer as suas estrat\u00e9gias. Com uma pol\u00edtica industrial governamental adequada e bem planejada, o estudo indica que o Brasil poder\u00e1\u0301 promover um novo ciclo de investimentos nos pr\u00f3ximos 15 anos superior a R$ 150 bilh\u00f5es.<\/p>\n<!-- AddThis Advanced Settings generic via filter on the_content --><!-- AddThis Share Buttons generic via filter on the_content -->","protected":false},"excerpt":{"rendered":"<p>A mobilidade tem seu futuro em carros el\u00e9tricos, isso \u00e9 um fato. Os mercados internacionais mais desenvolvidos seguem para a eletrifica\u00e7\u00e3o total de suas frotas, como a Europa, que caminha para a aprova\u00e7\u00e3o de leis que visam a emiss\u00e3o zero em ve\u00edculos a partir de 2035. Mas velocidade da substitui\u00e7\u00e3o das frotas de ve\u00edculos mundo&#8230;<!-- AddThis Advanced Settings generic via filter on get_the_excerpt --><!-- AddThis Share Buttons generic via filter on get_the_excerpt --><\/p>\n","protected":false},"author":45,"featured_media":1304,"comment_status":"open","ping_status":"open","sticky":false,"template":"","format":"standard","meta":{"_genesis_hide_title":false,"_genesis_hide_breadcrumbs":false,"_genesis_hide_singular_image":false,"_genesis_hide_footer_widgets":false,"_genesis_custom_body_class":"","_genesis_custom_post_class":"","_genesis_layout":"","ngg_post_thumbnail":0,"footnotes":""},"categories":[59,3],"tags":[],"class_list":{"0":"post-1303","1":"post","2":"type-post","3":"status-publish","4":"format-standard","5":"has-post-thumbnail","7":"category-future-mobility","8":"category-noticias","9":"entry"},"yoast_head":"<!-- This site is optimized with the Yoast SEO plugin v27.1.1 - https:\/\/yoast.com\/product\/yoast-seo-wordpress\/ -->\n<title>Qual o futuro do carro no Brasil: el\u00e9tricos, h\u00edbridos ou etanol? - Sixt Magazine<\/title>\n<meta name=\"description\" content=\"Estudo aponta que em 15 anos vamos ter 65% da frota de carros el\u00e9tricos e h\u00edbridos no Brasil. A mudan\u00e7a est\u00e1 acontecendo!\" \/>\n<meta name=\"robots\" content=\"index, follow, max-snippet:-1, max-image-preview:large, max-video-preview:-1\" \/>\n<link rel=\"canonical\" href=\"https:\/\/www.sixt.com.br\/magazine\/future-mobility\/futuro-do-carro-no-brasil\/\" \/>\n<meta property=\"og:locale\" content=\"en_US\" \/>\n<meta property=\"og:type\" content=\"article\" \/>\n<meta property=\"og:title\" content=\"Qual o futuro do carro no Brasil: el\u00e9tricos, h\u00edbridos ou etanol? - Sixt Magazine\" \/>\n<meta property=\"og:description\" content=\"Estudo aponta que em 15 anos vamos ter 65% da frota de carros el\u00e9tricos e h\u00edbridos no Brasil. A mudan\u00e7a est\u00e1 acontecendo!\" \/>\n<meta property=\"og:url\" content=\"https:\/\/www.sixt.com.br\/magazine\/future-mobility\/futuro-do-carro-no-brasil\/\" \/>\n<meta property=\"og:site_name\" content=\"Sixt Brasil Magazine\" \/>\n<meta property=\"article:published_time\" content=\"2022-01-13T15:28:31+00:00\" \/>\n<meta property=\"article:modified_time\" content=\"2022-01-13T15:37:15+00:00\" \/>\n<meta property=\"og:image\" content=\"https:\/\/www.sixt.com.br\/magazine\/wp-content\/uploads\/\/sites\/15\/2022\/01\/fabrica-de-carros-1.jpg\" \/>\n\t<meta property=\"og:image:width\" content=\"1024\" \/>\n\t<meta property=\"og:image:height\" content=\"722\" \/>\n\t<meta property=\"og:image:type\" content=\"image\/jpeg\" \/>\n<meta name=\"twitter:card\" content=\"summary_large_image\" \/>\n<meta name=\"twitter:label1\" content=\"Written by\" \/>\n\t<meta name=\"twitter:data1\" content=\"\" \/>\n\t<meta name=\"twitter:label2\" content=\"Est. reading time\" \/>\n\t<meta name=\"twitter:data2\" content=\"3 minutes\" \/>\n<!-- \/ Yoast SEO plugin. -->","yoast_head_json":{"title":"Qual o futuro do carro no Brasil: el\u00e9tricos, h\u00edbridos ou etanol? - Sixt Magazine","description":"Estudo aponta que em 15 anos vamos ter 65% da frota de carros el\u00e9tricos e h\u00edbridos no Brasil. A mudan\u00e7a est\u00e1 acontecendo!","robots":{"index":"index","follow":"follow","max-snippet":"max-snippet:-1","max-image-preview":"max-image-preview:large","max-video-preview":"max-video-preview:-1"},"canonical":"https:\/\/www.sixt.com.br\/magazine\/future-mobility\/futuro-do-carro-no-brasil\/","og_locale":"en_US","og_type":"article","og_title":"Qual o futuro do carro no Brasil: el\u00e9tricos, h\u00edbridos ou etanol? - Sixt Magazine","og_description":"Estudo aponta que em 15 anos vamos ter 65% da frota de carros el\u00e9tricos e h\u00edbridos no Brasil. A mudan\u00e7a est\u00e1 acontecendo!","og_url":"https:\/\/www.sixt.com.br\/magazine\/future-mobility\/futuro-do-carro-no-brasil\/","og_site_name":"Sixt Brasil Magazine","article_published_time":"2022-01-13T15:28:31+00:00","article_modified_time":"2022-01-13T15:37:15+00:00","og_image":[{"width":1024,"height":722,"url":"https:\/\/www.sixt.com.br\/magazine\/wp-content\/uploads\/\/sites\/15\/2022\/01\/fabrica-de-carros-1.jpg","type":"image\/jpeg"}],"twitter_card":"summary_large_image","twitter_misc":{"Written by":"","Est. reading time":"3 minutes"},"schema":{"@context":"https:\/\/schema.org","@graph":[{"@type":"Article","@id":"https:\/\/www.sixt.com.br\/magazine\/future-mobility\/futuro-do-carro-no-brasil\/#article","isPartOf":{"@id":"https:\/\/www.sixt.com.br\/magazine\/future-mobility\/futuro-do-carro-no-brasil\/"},"author":{"name":"","@id":""},"headline":"Qual o futuro do carro no Brasil: el\u00e9tricos, h\u00edbridos ou etanol?","datePublished":"2022-01-13T15:28:31+00:00","dateModified":"2022-01-13T15:37:15+00:00","mainEntityOfPage":{"@id":"https:\/\/www.sixt.com.br\/magazine\/future-mobility\/futuro-do-carro-no-brasil\/"},"wordCount":649,"commentCount":0,"image":{"@id":"https:\/\/www.sixt.com.br\/magazine\/future-mobility\/futuro-do-carro-no-brasil\/#primaryimage"},"thumbnailUrl":"https:\/\/www.sixt.com.br\/magazine\/wp-content\/uploads\/\/sites\/15\/2022\/01\/fabrica-de-carros-1.jpg","articleSection":["Future Mobility","Not\u00edcias"],"inLanguage":"en-US","potentialAction":[{"@type":"CommentAction","name":"Comment","target":["https:\/\/www.sixt.com.br\/magazine\/future-mobility\/futuro-do-carro-no-brasil\/#respond"]}]},{"@type":"WebPage","@id":"https:\/\/www.sixt.com.br\/magazine\/future-mobility\/futuro-do-carro-no-brasil\/","url":"https:\/\/www.sixt.com.br\/magazine\/future-mobility\/futuro-do-carro-no-brasil\/","name":"Qual o futuro do carro no Brasil: el\u00e9tricos, h\u00edbridos ou etanol? - Sixt Magazine","isPartOf":{"@id":"https:\/\/www.sixt.com.br\/magazine\/#website"},"primaryImageOfPage":{"@id":"https:\/\/www.sixt.com.br\/magazine\/future-mobility\/futuro-do-carro-no-brasil\/#primaryimage"},"image":{"@id":"https:\/\/www.sixt.com.br\/magazine\/future-mobility\/futuro-do-carro-no-brasil\/#primaryimage"},"thumbnailUrl":"https:\/\/www.sixt.com.br\/magazine\/wp-content\/uploads\/\/sites\/15\/2022\/01\/fabrica-de-carros-1.jpg","datePublished":"2022-01-13T15:28:31+00:00","dateModified":"2022-01-13T15:37:15+00:00","author":{"@id":""},"description":"Estudo aponta que em 15 anos vamos ter 65% da frota de carros el\u00e9tricos e h\u00edbridos no Brasil. A mudan\u00e7a est\u00e1 acontecendo!","breadcrumb":{"@id":"https:\/\/www.sixt.com.br\/magazine\/future-mobility\/futuro-do-carro-no-brasil\/#breadcrumb"},"inLanguage":"en-US","potentialAction":[{"@type":"ReadAction","target":["https:\/\/www.sixt.com.br\/magazine\/future-mobility\/futuro-do-carro-no-brasil\/"]}]},{"@type":"ImageObject","inLanguage":"en-US","@id":"https:\/\/www.sixt.com.br\/magazine\/future-mobility\/futuro-do-carro-no-brasil\/#primaryimage","url":"https:\/\/www.sixt.com.br\/magazine\/wp-content\/uploads\/\/sites\/15\/2022\/01\/fabrica-de-carros-1.jpg","contentUrl":"https:\/\/www.sixt.com.br\/magazine\/wp-content\/uploads\/\/sites\/15\/2022\/01\/fabrica-de-carros-1.jpg","width":1024,"height":722},{"@type":"BreadcrumbList","@id":"https:\/\/www.sixt.com.br\/magazine\/future-mobility\/futuro-do-carro-no-brasil\/#breadcrumb","itemListElement":[{"@type":"ListItem","position":1,"name":"Home","item":"https:\/\/www.sixt.com.br\/magazine\/"},{"@type":"ListItem","position":2,"name":"Qual o futuro do carro no Brasil: el\u00e9tricos, h\u00edbridos ou etanol?"}]},{"@type":"WebSite","@id":"https:\/\/www.sixt.com.br\/magazine\/#website","url":"https:\/\/www.sixt.com.br\/magazine\/","name":"Sixt Brasil Magazine","description":"Dicas de viagem e not\u00edcias da Sixt","potentialAction":[{"@type":"SearchAction","target":{"@type":"EntryPoint","urlTemplate":"https:\/\/www.sixt.com.br\/magazine\/?s={search_term_string}"},"query-input":{"@type":"PropertyValueSpecification","valueRequired":true,"valueName":"search_term_string"}}],"inLanguage":"en-US"},{"@type":"Person","@id":"","url":"https:\/\/www.sixt.com.br\/magazine\/author\/"}]}},"_links":{"self":[{"href":"https:\/\/www.sixt.com.br\/magazine\/wp-json\/wp\/v2\/posts\/1303","targetHints":{"allow":["GET"]}}],"collection":[{"href":"https:\/\/www.sixt.com.br\/magazine\/wp-json\/wp\/v2\/posts"}],"about":[{"href":"https:\/\/www.sixt.com.br\/magazine\/wp-json\/wp\/v2\/types\/post"}],"author":[{"embeddable":true,"href":"https:\/\/www.sixt.com.br\/magazine\/wp-json\/wp\/v2\/users\/45"}],"replies":[{"embeddable":true,"href":"https:\/\/www.sixt.com.br\/magazine\/wp-json\/wp\/v2\/comments?post=1303"}],"version-history":[{"count":0,"href":"https:\/\/www.sixt.com.br\/magazine\/wp-json\/wp\/v2\/posts\/1303\/revisions"}],"wp:featuredmedia":[{"embeddable":true,"href":"https:\/\/www.sixt.com.br\/magazine\/wp-json\/wp\/v2\/media\/1304"}],"wp:attachment":[{"href":"https:\/\/www.sixt.com.br\/magazine\/wp-json\/wp\/v2\/media?parent=1303"}],"wp:term":[{"taxonomy":"category","embeddable":true,"href":"https:\/\/www.sixt.com.br\/magazine\/wp-json\/wp\/v2\/categories?post=1303"},{"taxonomy":"post_tag","embeddable":true,"href":"https:\/\/www.sixt.com.br\/magazine\/wp-json\/wp\/v2\/tags?post=1303"}],"curies":[{"name":"wp","href":"https:\/\/api.w.org\/{rel}","templated":true}]}}