{"id":1261,"date":"2021-11-05T07:53:20","date_gmt":"2021-11-05T07:53:20","guid":{"rendered":"https:\/\/br.sx-magazine-wp.sixt.io\/magazine\/?p=1261"},"modified":"2021-11-05T08:07:17","modified_gmt":"2021-11-05T08:07:17","slug":"embraer-vai-lancar-carros-voadores","status":"publish","type":"post","link":"https:\/\/www.sixt.com.br\/magazine\/future-mobility\/embraer-vai-lancar-carros-voadores\/","title":{"rendered":"2026: a Embraer vai lan\u00e7ar os t\u00e3o sonhados carros voadores"},"content":{"rendered":"\n<figure class=\"wp-block-image size-large\"><img decoding=\"async\" width=\"1024\" height=\"684\" data-src=\"https:\/\/www.sixt.com.br\/magazine\/wp-content\/uploads\/\/sites\/15\/2021\/11\/EmbraerX-eVTOL--1024x684.jpg\" alt=\"\" class=\"wp-image-1265 lazyload\" data-srcset=\"https:\/\/www.sixt.com.br\/magazine\/wp-content\/uploads\/\/sites\/15\/2021\/11\/EmbraerX-eVTOL--1024x684.jpg 1024w, https:\/\/www.sixt.com.br\/magazine\/wp-content\/uploads\/\/sites\/15\/2021\/11\/EmbraerX-eVTOL--300x200.jpg 300w, https:\/\/www.sixt.com.br\/magazine\/wp-content\/uploads\/\/sites\/15\/2021\/11\/EmbraerX-eVTOL--768x513.jpg 768w, https:\/\/www.sixt.com.br\/magazine\/wp-content\/uploads\/\/sites\/15\/2021\/11\/EmbraerX-eVTOL-.jpg 1400w\" data-sizes=\"(max-width: 1024px) 100vw, 1024px\" src=\"data:image\/svg+xml;base64,PHN2ZyB3aWR0aD0iMSIgaGVpZ2h0PSIxIiB4bWxucz0iaHR0cDovL3d3dy53My5vcmcvMjAwMC9zdmciPjwvc3ZnPg==\" style=\"--smush-placeholder-width: 1024px; --smush-placeholder-aspect-ratio: 1024\/684;\" \/><figcaption>Eve &#8211; divulga\u00e7\u00e3o<\/figcaption><\/figure>\n\n\n\n<p>O futuro da mobilidade urbana est\u00e1 a cada dia se tornando o presente, nossas formas de locomo\u00e7\u00e3o est\u00e3o em constantes mudan\u00e7as. Seja por meios de transporte p\u00fablico mais sustent\u00e1veis, carros compartilhados, caminh\u00f5es e carros el\u00e9tricos, e at\u00e9 mesmo \u201ccarros\u201d voadores. Afinal, quem nunca sonhou andar em um carro voador?<\/p>\n\n\n\n<p>A Embraer, empresa brasileira e a terceira maior fabricante de avi\u00f5es comerciais do mundo, est\u00e1 construindo carros voadores. Sua subsidi\u00e1ria,\u00a0Eve\u00a0Urban\u00a0Air\u00a0Mobility, \u00e9 respons\u00e1vel pelos\u00a0eVTOLs, sigla em ingl\u00eas que significa: ve\u00edculos el\u00e9tricos de pouso e decolagem vertical, o popularmente chamado de carros voadores. A aposta para o lan\u00e7amento dos\u00a0eVTOLs\u00a0\u00e9 para 2026, ser\u00e3o mais de 400\u00a0unidades sob a demanda de cinco diferentes empresas.<\/p>\n\n\n\n<h4 class=\"wp-block-heading\">O QUE S\u00c3O E COMO FUNCIONAM OS CARROS VOADORES?<\/h4>\n\n\n\n<figure class=\"wp-block-image size-large\"><img decoding=\"async\" width=\"1024\" height=\"576\" data-src=\"https:\/\/www.sixt.com.br\/magazine\/wp-content\/uploads\/\/sites\/15\/2021\/11\/Embraer-Eve-Full-scale-testbed.jpg\" alt=\"\" class=\"wp-image-1267 lazyload\" data-srcset=\"https:\/\/www.sixt.com.br\/magazine\/wp-content\/uploads\/\/sites\/15\/2021\/11\/Embraer-Eve-Full-scale-testbed.jpg 1024w, https:\/\/www.sixt.com.br\/magazine\/wp-content\/uploads\/\/sites\/15\/2021\/11\/Embraer-Eve-Full-scale-testbed-300x169.jpg 300w, https:\/\/www.sixt.com.br\/magazine\/wp-content\/uploads\/\/sites\/15\/2021\/11\/Embraer-Eve-Full-scale-testbed-768x432.jpg 768w\" data-sizes=\"(max-width: 1024px) 100vw, 1024px\" src=\"data:image\/svg+xml;base64,PHN2ZyB3aWR0aD0iMSIgaGVpZ2h0PSIxIiB4bWxucz0iaHR0cDovL3d3dy53My5vcmcvMjAwMC9zdmciPjwvc3ZnPg==\" style=\"--smush-placeholder-width: 1024px; --smush-placeholder-aspect-ratio: 1024\/576;\" \/><figcaption>Eve &#8211; divulga\u00e7\u00e3o<\/figcaption><\/figure>\n\n\n\n<p>Apesar de serem popularmente chamados de carro voador, os\u00a0eVTOLs\u00a0nada tem de um carro normal. Na verdade s\u00e3o mais parecidos com um helic\u00f3ptero, por\u00e9m el\u00e9trico. Suas h\u00e9lices s\u00e3o diferenciadas, capazes de suavizar pousos e decolagens. S\u00e3o 10 motores el\u00e9tricos a h\u00e9lice, com oito deles permitindo a sustenta\u00e7\u00e3o vertical e outros dois para o impulso horizontal. O espa\u00e7o dos eVTOLs acomodar\u00e1 at\u00e9 quatro passageiros.<\/p>\n\n\n\n<p>A previs\u00e3o \u00e9 de que os eVTOLs sejam mais adequados para viagens curtas em cidades congestionadas para evitar o tr\u00e1fego intenso. Seu papel ser\u00e1 como um servi\u00e7o de t\u00e1xi a\u00e9reo comercial ou outros usos semelhantes aos helic\u00f3pteros de hoje, por\u00e9m com um custo mais acess\u00edvel.<\/p>\n\n\n\n<h4 class=\"wp-block-heading\">DESAFIOS E PROPOSTA DA&nbsp;EVE<\/h4>\n\n\n\n<figure class=\"wp-block-image size-large\"><img decoding=\"async\" width=\"800\" height=\"535\" data-src=\"https:\/\/www.sixt.com.br\/magazine\/wp-content\/uploads\/\/sites\/15\/2021\/11\/Embraer-skyport.jpg\" alt=\"\" class=\"wp-image-1266 lazyload\" data-srcset=\"https:\/\/www.sixt.com.br\/magazine\/wp-content\/uploads\/\/sites\/15\/2021\/11\/Embraer-skyport.jpg 800w, https:\/\/www.sixt.com.br\/magazine\/wp-content\/uploads\/\/sites\/15\/2021\/11\/Embraer-skyport-300x201.jpg 300w, https:\/\/www.sixt.com.br\/magazine\/wp-content\/uploads\/\/sites\/15\/2021\/11\/Embraer-skyport-768x514.jpg 768w\" data-sizes=\"(max-width: 800px) 100vw, 800px\" src=\"data:image\/svg+xml;base64,PHN2ZyB3aWR0aD0iMSIgaGVpZ2h0PSIxIiB4bWxucz0iaHR0cDovL3d3dy53My5vcmcvMjAwMC9zdmciPjwvc3ZnPg==\" style=\"--smush-placeholder-width: 800px; --smush-placeholder-aspect-ratio: 800\/535;\" \/><figcaption>Eve &#8211; divulga\u00e7\u00e3o<\/figcaption><\/figure>\n\n\n\n<p>A proposta desta nova empresa da Embraer, a&nbsp;Eve, \u00e9 tornar real o mercado de Mobilidade A\u00e9rea Urbana de sigla&nbsp;UAM. Al\u00e9m da fabrica\u00e7\u00e3o dos&nbsp;eVTOLs, a empresa pretende em desenvolver o ambiente necess\u00e1rio para habilitar o mercado de Mobilidade A\u00e9rea Urbana, criando solu\u00e7\u00f5es para os desafios desta nova mobilidade. Algumas das \u00e1reas de atua\u00e7\u00e3o ser\u00e3o a cria\u00e7\u00e3o de bases de servi\u00e7os e redes de suportes, pontos de embarque e desembarque de passageiros em centros urbanos, al\u00e9m de adapta\u00e7\u00f5es nos regulamentos de tr\u00e1fico a\u00e9reo.<\/p>\n\n\n\n<p><\/p>\n<!-- AddThis Advanced Settings generic via filter on the_content --><!-- AddThis Share Buttons generic via filter on the_content -->","protected":false},"excerpt":{"rendered":"<p>O futuro da mobilidade urbana est\u00e1 a cada dia se tornando o presente, nossas formas de locomo\u00e7\u00e3o est\u00e3o em constantes mudan\u00e7as. Seja por meios de transporte p\u00fablico mais sustent\u00e1veis, carros compartilhados, caminh\u00f5es e carros el\u00e9tricos, e at\u00e9 mesmo \u201ccarros\u201d voadores. Afinal, quem nunca sonhou andar em um carro voador? A Embraer, empresa brasileira e a&#8230;<!-- AddThis Advanced Settings generic via filter on get_the_excerpt --><!-- AddThis Share Buttons generic via filter on get_the_excerpt --><\/p>\n","protected":false},"author":45,"featured_media":1265,"comment_status":"open","ping_status":"open","sticky":false,"template":"","format":"standard","meta":{"_genesis_hide_title":false,"_genesis_hide_breadcrumbs":false,"_genesis_hide_singular_image":false,"_genesis_hide_footer_widgets":false,"_genesis_custom_body_class":"","_genesis_custom_post_class":"","_genesis_layout":"","ngg_post_thumbnail":0,"footnotes":""},"categories":[59,3],"tags":[],"class_list":{"0":"post-1261","1":"post","2":"type-post","3":"status-publish","4":"format-standard","5":"has-post-thumbnail","7":"category-future-mobility","8":"category-noticias","9":"entry"},"yoast_head":"<!-- This site is optimized with the Yoast SEO plugin v27.1.1 - https:\/\/yoast.com\/product\/yoast-seo-wordpress\/ -->\n<title>2026: a Embraer vai lan\u00e7ar os t\u00e3o sonhados carros voadores - Sixt Magazine<\/title>\n<meta name=\"description\" content=\"Empresa brasileira lidera o mercado de carros voadores junto a internacionais. Em 2026 a Embraer vai lan\u00e7ar os eVTOLs.\" \/>\n<meta name=\"robots\" content=\"index, follow, max-snippet:-1, max-image-preview:large, max-video-preview:-1\" \/>\n<link rel=\"canonical\" href=\"https:\/\/www.sixt.com.br\/magazine\/future-mobility\/embraer-vai-lancar-carros-voadores\/\" \/>\n<meta property=\"og:locale\" content=\"en_US\" \/>\n<meta property=\"og:type\" content=\"article\" \/>\n<meta property=\"og:title\" content=\"2026: a Embraer vai lan\u00e7ar os t\u00e3o sonhados carros voadores - Sixt Magazine\" \/>\n<meta property=\"og:description\" content=\"Empresa brasileira lidera o mercado de carros voadores junto a internacionais. Em 2026 a Embraer vai lan\u00e7ar os eVTOLs.\" \/>\n<meta property=\"og:url\" content=\"https:\/\/www.sixt.com.br\/magazine\/future-mobility\/embraer-vai-lancar-carros-voadores\/\" \/>\n<meta property=\"og:site_name\" content=\"Sixt Brasil Magazine\" \/>\n<meta property=\"article:published_time\" content=\"2021-11-05T07:53:20+00:00\" \/>\n<meta property=\"article:modified_time\" content=\"2021-11-05T08:07:17+00:00\" \/>\n<meta property=\"og:image\" content=\"https:\/\/www.sixt.com.br\/magazine\/wp-content\/uploads\/\/sites\/15\/2021\/11\/EmbraerX-eVTOL-.jpg\" \/>\n\t<meta property=\"og:image:width\" content=\"1400\" \/>\n\t<meta property=\"og:image:height\" content=\"935\" \/>\n\t<meta property=\"og:image:type\" content=\"image\/jpeg\" \/>\n<meta name=\"twitter:card\" content=\"summary_large_image\" \/>\n<meta name=\"twitter:label1\" content=\"Written by\" \/>\n\t<meta name=\"twitter:data1\" content=\"\" \/>\n\t<meta name=\"twitter:label2\" content=\"Est. reading time\" \/>\n\t<meta name=\"twitter:data2\" content=\"2 minutes\" \/>\n<!-- \/ Yoast SEO plugin. -->","yoast_head_json":{"title":"2026: a Embraer vai lan\u00e7ar os t\u00e3o sonhados carros voadores - Sixt Magazine","description":"Empresa brasileira lidera o mercado de carros voadores junto a internacionais. Em 2026 a Embraer vai lan\u00e7ar os eVTOLs.","robots":{"index":"index","follow":"follow","max-snippet":"max-snippet:-1","max-image-preview":"max-image-preview:large","max-video-preview":"max-video-preview:-1"},"canonical":"https:\/\/www.sixt.com.br\/magazine\/future-mobility\/embraer-vai-lancar-carros-voadores\/","og_locale":"en_US","og_type":"article","og_title":"2026: a Embraer vai lan\u00e7ar os t\u00e3o sonhados carros voadores - Sixt Magazine","og_description":"Empresa brasileira lidera o mercado de carros voadores junto a internacionais. Em 2026 a Embraer vai lan\u00e7ar os eVTOLs.","og_url":"https:\/\/www.sixt.com.br\/magazine\/future-mobility\/embraer-vai-lancar-carros-voadores\/","og_site_name":"Sixt Brasil Magazine","article_published_time":"2021-11-05T07:53:20+00:00","article_modified_time":"2021-11-05T08:07:17+00:00","og_image":[{"width":1400,"height":935,"url":"https:\/\/www.sixt.com.br\/magazine\/wp-content\/uploads\/\/sites\/15\/2021\/11\/EmbraerX-eVTOL-.jpg","type":"image\/jpeg"}],"twitter_card":"summary_large_image","twitter_misc":{"Written by":"","Est. reading time":"2 minutes"},"schema":{"@context":"https:\/\/schema.org","@graph":[{"@type":"Article","@id":"https:\/\/www.sixt.com.br\/magazine\/future-mobility\/embraer-vai-lancar-carros-voadores\/#article","isPartOf":{"@id":"https:\/\/www.sixt.com.br\/magazine\/future-mobility\/embraer-vai-lancar-carros-voadores\/"},"author":{"name":"","@id":""},"headline":"2026: a Embraer vai lan\u00e7ar os t\u00e3o sonhados carros voadores","datePublished":"2021-11-05T07:53:20+00:00","dateModified":"2021-11-05T08:07:17+00:00","mainEntityOfPage":{"@id":"https:\/\/www.sixt.com.br\/magazine\/future-mobility\/embraer-vai-lancar-carros-voadores\/"},"wordCount":393,"commentCount":0,"image":{"@id":"https:\/\/www.sixt.com.br\/magazine\/future-mobility\/embraer-vai-lancar-carros-voadores\/#primaryimage"},"thumbnailUrl":"https:\/\/www.sixt.com.br\/magazine\/wp-content\/uploads\/\/sites\/15\/2021\/11\/EmbraerX-eVTOL-.jpg","articleSection":["Future Mobility","Not\u00edcias"],"inLanguage":"en-US","potentialAction":[{"@type":"CommentAction","name":"Comment","target":["https:\/\/www.sixt.com.br\/magazine\/future-mobility\/embraer-vai-lancar-carros-voadores\/#respond"]}]},{"@type":"WebPage","@id":"https:\/\/www.sixt.com.br\/magazine\/future-mobility\/embraer-vai-lancar-carros-voadores\/","url":"https:\/\/www.sixt.com.br\/magazine\/future-mobility\/embraer-vai-lancar-carros-voadores\/","name":"2026: a Embraer vai lan\u00e7ar os t\u00e3o sonhados carros voadores - Sixt Magazine","isPartOf":{"@id":"https:\/\/www.sixt.com.br\/magazine\/#website"},"primaryImageOfPage":{"@id":"https:\/\/www.sixt.com.br\/magazine\/future-mobility\/embraer-vai-lancar-carros-voadores\/#primaryimage"},"image":{"@id":"https:\/\/www.sixt.com.br\/magazine\/future-mobility\/embraer-vai-lancar-carros-voadores\/#primaryimage"},"thumbnailUrl":"https:\/\/www.sixt.com.br\/magazine\/wp-content\/uploads\/\/sites\/15\/2021\/11\/EmbraerX-eVTOL-.jpg","datePublished":"2021-11-05T07:53:20+00:00","dateModified":"2021-11-05T08:07:17+00:00","author":{"@id":""},"description":"Empresa brasileira lidera o mercado de carros voadores junto a internacionais. Em 2026 a Embraer vai lan\u00e7ar os eVTOLs.","breadcrumb":{"@id":"https:\/\/www.sixt.com.br\/magazine\/future-mobility\/embraer-vai-lancar-carros-voadores\/#breadcrumb"},"inLanguage":"en-US","potentialAction":[{"@type":"ReadAction","target":["https:\/\/www.sixt.com.br\/magazine\/future-mobility\/embraer-vai-lancar-carros-voadores\/"]}]},{"@type":"ImageObject","inLanguage":"en-US","@id":"https:\/\/www.sixt.com.br\/magazine\/future-mobility\/embraer-vai-lancar-carros-voadores\/#primaryimage","url":"https:\/\/www.sixt.com.br\/magazine\/wp-content\/uploads\/\/sites\/15\/2021\/11\/EmbraerX-eVTOL-.jpg","contentUrl":"https:\/\/www.sixt.com.br\/magazine\/wp-content\/uploads\/\/sites\/15\/2021\/11\/EmbraerX-eVTOL-.jpg","width":1400,"height":935},{"@type":"BreadcrumbList","@id":"https:\/\/www.sixt.com.br\/magazine\/future-mobility\/embraer-vai-lancar-carros-voadores\/#breadcrumb","itemListElement":[{"@type":"ListItem","position":1,"name":"Home","item":"https:\/\/www.sixt.com.br\/magazine\/"},{"@type":"ListItem","position":2,"name":"2026: a Embraer vai lan\u00e7ar os t\u00e3o sonhados carros voadores"}]},{"@type":"WebSite","@id":"https:\/\/www.sixt.com.br\/magazine\/#website","url":"https:\/\/www.sixt.com.br\/magazine\/","name":"Sixt Brasil Magazine","description":"Dicas de viagem e not\u00edcias da Sixt","potentialAction":[{"@type":"SearchAction","target":{"@type":"EntryPoint","urlTemplate":"https:\/\/www.sixt.com.br\/magazine\/?s={search_term_string}"},"query-input":{"@type":"PropertyValueSpecification","valueRequired":true,"valueName":"search_term_string"}}],"inLanguage":"en-US"},{"@type":"Person","@id":"","url":"https:\/\/www.sixt.com.br\/magazine\/author\/"}]}},"_links":{"self":[{"href":"https:\/\/www.sixt.com.br\/magazine\/wp-json\/wp\/v2\/posts\/1261","targetHints":{"allow":["GET"]}}],"collection":[{"href":"https:\/\/www.sixt.com.br\/magazine\/wp-json\/wp\/v2\/posts"}],"about":[{"href":"https:\/\/www.sixt.com.br\/magazine\/wp-json\/wp\/v2\/types\/post"}],"author":[{"embeddable":true,"href":"https:\/\/www.sixt.com.br\/magazine\/wp-json\/wp\/v2\/users\/45"}],"replies":[{"embeddable":true,"href":"https:\/\/www.sixt.com.br\/magazine\/wp-json\/wp\/v2\/comments?post=1261"}],"version-history":[{"count":0,"href":"https:\/\/www.sixt.com.br\/magazine\/wp-json\/wp\/v2\/posts\/1261\/revisions"}],"wp:featuredmedia":[{"embeddable":true,"href":"https:\/\/www.sixt.com.br\/magazine\/wp-json\/wp\/v2\/media\/1265"}],"wp:attachment":[{"href":"https:\/\/www.sixt.com.br\/magazine\/wp-json\/wp\/v2\/media?parent=1261"}],"wp:term":[{"taxonomy":"category","embeddable":true,"href":"https:\/\/www.sixt.com.br\/magazine\/wp-json\/wp\/v2\/categories?post=1261"},{"taxonomy":"post_tag","embeddable":true,"href":"https:\/\/www.sixt.com.br\/magazine\/wp-json\/wp\/v2\/tags?post=1261"}],"curies":[{"name":"wp","href":"https:\/\/api.w.org\/{rel}","templated":true}]}}