{"id":1133,"date":"2021-08-26T07:54:14","date_gmt":"2021-08-26T07:54:14","guid":{"rendered":"https:\/\/br.sx-magazine-wp.sixt.io\/magazine\/?p=1133"},"modified":"2021-08-26T07:56:53","modified_gmt":"2021-08-26T07:56:53","slug":"top-destinos-brasileiros-europa","status":"publish","type":"post","link":"https:\/\/www.sixt.com.br\/magazine\/noticias\/top-destinos-brasileiros-europa\/","title":{"rendered":"Podemos viajar para Europa! Confira os 3 principais destinos permitidos para brasileiros"},"content":{"rendered":"\n<figure class=\"wp-block-image size-large\"><img decoding=\"async\" width=\"1024\" height=\"683\" data-src=\"https:\/\/www.sixt.com.br\/magazine\/wp-content\/uploads\/\/sites\/15\/2021\/08\/Castelo-Alemanha-1.jpg\" alt=\"\" class=\"wp-image-1139 lazyload\" data-srcset=\"https:\/\/www.sixt.com.br\/magazine\/wp-content\/uploads\/\/sites\/15\/2021\/08\/Castelo-Alemanha-1.jpg 1024w, https:\/\/www.sixt.com.br\/magazine\/wp-content\/uploads\/\/sites\/15\/2021\/08\/Castelo-Alemanha-1-300x200.jpg 300w, https:\/\/www.sixt.com.br\/magazine\/wp-content\/uploads\/\/sites\/15\/2021\/08\/Castelo-Alemanha-1-768x512.jpg 768w\" data-sizes=\"(max-width: 1024px) 100vw, 1024px\" src=\"data:image\/svg+xml;base64,PHN2ZyB3aWR0aD0iMSIgaGVpZ2h0PSIxIiB4bWxucz0iaHR0cDovL3d3dy53My5vcmcvMjAwMC9zdmciPjwvc3ZnPg==\" style=\"--smush-placeholder-width: 1024px; --smush-placeholder-aspect-ratio: 1024\/683;\" \/><\/figure>\n\n\n\n<p>E a espera acabou! Finalmente, ap\u00f3s uma longa espera: sim, podemos viajar para a Europa! O continente abriu as portas para o turismo, e os brasileiros s\u00e3o aceitos por l\u00e1. Claro, tudo dentro das regras impostas pelo novo\u00a0coronav\u00edrus, respeitando todas as medidas de seguran\u00e7a e distanciamento. A hora \u00e9 de celebrarmos junto com o mundo os avan\u00e7os que temos feito na pandemia.<\/p>\n\n\n\n<p>Mas, para onde posso ir? Quais s\u00e3o os pa\u00edses? Preciso fazer quarentena? Precisa fazer o exame do teste de\u00a0PCR? Aceitam quais vacinas? Aceitam a\u00a0Coronavac? Vamos juntos responder a essas e outras d\u00favidas. Vamos pontuar aqui, os melhores destinos\u00a0no velho continente abertos\u00a0para turistas brasileiros.<br><br><em>Esta mat\u00e9ria foi atualizada em 26\/08\/2021, e est\u00e1 sujeita a altera\u00e7\u00f5es. Mantenha-se sempre atualizado sobre as exig\u00eancias de sa\u00fade dos pa\u00edses em interesse.<\/em><\/p>\n\n\n\n<h3 class=\"wp-block-heading\"><br>1. ALEMANHA<\/h3>\n\n\n\n<p>A terra da cerveja e da salsicha est\u00e1 finalmente com suas portas abertas para o turismo e para n\u00f3s, brasileiros. Se voc\u00ea est\u00e1 querendo visitar Berlim, a bel\u00edssima e irreverente capital alem\u00e3, j\u00e1 pode come\u00e7ar a agendar sua viagem! Munique e sua famosa\u00a0Oktober\u00a0Fest, tamb\u00e9m espera voc\u00ea com uma boa cerveja gelada! E que tal um passeio pela regi\u00e3o dos\u00a0alpes\u00a0alem\u00e3es e uma visita ao Castelo de\u00a0Neuschwanstein\u00a0&#8211; o famoso castelo que inspirou o desenho de\u00a0Walt\u00a0Disney, Cinderela. Sim, a Alemanha definitivamente guarda os sonhos de viagens dos brasileiros, e bem, a hora \u00e9 agora.<\/p>\n\n\n\n<figure class=\"wp-block-image size-large\"><img decoding=\"async\" width=\"1024\" height=\"683\" data-src=\"https:\/\/www.sixt.com.br\/magazine\/wp-content\/uploads\/\/sites\/15\/2021\/08\/Berlin-Alemanha-1.jpg\" alt=\"\" class=\"wp-image-1136 lazyload\" data-srcset=\"https:\/\/www.sixt.com.br\/magazine\/wp-content\/uploads\/\/sites\/15\/2021\/08\/Berlin-Alemanha-1.jpg 1024w, https:\/\/www.sixt.com.br\/magazine\/wp-content\/uploads\/\/sites\/15\/2021\/08\/Berlin-Alemanha-1-300x200.jpg 300w, https:\/\/www.sixt.com.br\/magazine\/wp-content\/uploads\/\/sites\/15\/2021\/08\/Berlin-Alemanha-1-768x512.jpg 768w\" data-sizes=\"(max-width: 1024px) 100vw, 1024px\" src=\"data:image\/svg+xml;base64,PHN2ZyB3aWR0aD0iMSIgaGVpZ2h0PSIxIiB4bWxucz0iaHR0cDovL3d3dy53My5vcmcvMjAwMC9zdmciPjwvc3ZnPg==\" style=\"--smush-placeholder-width: 1024px; --smush-placeholder-aspect-ratio: 1024\/683;\" \/><\/figure>\n\n\n\n<p>Para brasileiros vacinados, a Alemanha abriu seu territ\u00f3rio. A mudan\u00e7a nas regras de permiss\u00e3o ocorreu ap\u00f3s o pa\u00eds revisar a situa\u00e7\u00e3o atual do\u00a0coronav\u00edrus\u00a0no Brasil, por aqui n\u00e3o estamos mais classificados como celeiro de novas variantes do v\u00edrus e sa\u00edmos da zona de alto risco. A ag\u00eancia reguladora alem\u00e3 de medicamentos, instituto\u00a0Paul-Ehrlich-Instituts\u00a0(PEI),reconheceu e autorizou pessoas vacinadas com os imunizantes\u00a0Janssen, Moderna,\u00a0Pfizer\u00a0e\u00a0AstraZeneca, a visitarem o pa\u00eds. A Alemanha tamb\u00e9m est\u00e1 em fase de estudo para aprovar outras vacinas. N\u00e3o \u00e9 preciso fazer quarentena na Alemanha.<br><br><strong>IMPORTANTE: <\/strong>o\u00a0pa\u00eds faz exig\u00eancia de m\u00e1scaras\u00a0FFP2\u00a0em todos os locais fechados em circula\u00e7\u00e3o, e \u00e9 regra o distanciamento de 1 metro e meio de outras pessoas. No transporte p\u00fablico a m\u00e1scara tamb\u00e9m \u00e9 obrigat\u00f3ria. Segundo a Embaixada da Alemanha no Brasil, os passageiros dever\u00e3o fazer o registro digital de entrada atrav\u00e9s do\u00a0site\u00a0oficial\u00a0www.einreiseanmeldung.de\u00a0e apresentar o cart\u00e3o ou comprovante de vacina\u00e7\u00e3o, que poder\u00e1 ser exigido pela Pol\u00edcia Federal alem\u00e3 ou pela autoridade competente no momento do controle de fronteira. Lembrando que quem viaja de avi\u00e3o deve apresentar os comprovantes \u00e0 companhia a\u00e9rea no aeroporto de origem.<\/p>\n\n\n\n<h3 class=\"wp-block-heading\">2. FRAN\u00c7A<\/h3>\n\n\n\n<p>Queremos baguete, queijo e vinhos! Sim. Vamos para a Fran\u00e7a! Este \u00e9 um dos destinos favoritos dos brasileiros na Europa. Paris te espera de bra\u00e7os abertos, por\u00e9m mantendo a dist\u00e2ncia! Brincadeiras \u00e0 parte, a Fran\u00e7a foi um dos pa\u00edses mais afetados pela pandemia, mas n\u00e3o deixou de perder seu brilho e toda a beleza e hospitalidade dos franceses. J\u00e1 podemos montar roteiro pela riviera francesa, e agendar nossa visita ao Museu do Louvre.<\/p>\n\n\n\n<figure class=\"wp-block-image size-large\"><img decoding=\"async\" width=\"1024\" height=\"683\" data-src=\"https:\/\/www.sixt.com.br\/magazine\/wp-content\/uploads\/\/sites\/15\/2021\/08\/Paris-torre-eiffel-1-1.jpg\" alt=\"\" class=\"wp-image-1137 lazyload\" data-srcset=\"https:\/\/www.sixt.com.br\/magazine\/wp-content\/uploads\/\/sites\/15\/2021\/08\/Paris-torre-eiffel-1-1.jpg 1024w, https:\/\/www.sixt.com.br\/magazine\/wp-content\/uploads\/\/sites\/15\/2021\/08\/Paris-torre-eiffel-1-1-300x200.jpg 300w, https:\/\/www.sixt.com.br\/magazine\/wp-content\/uploads\/\/sites\/15\/2021\/08\/Paris-torre-eiffel-1-1-768x512.jpg 768w\" data-sizes=\"(max-width: 1024px) 100vw, 1024px\" src=\"data:image\/svg+xml;base64,PHN2ZyB3aWR0aD0iMSIgaGVpZ2h0PSIxIiB4bWxucz0iaHR0cDovL3d3dy53My5vcmcvMjAwMC9zdmciPjwvc3ZnPg==\" style=\"--smush-placeholder-width: 1024px; --smush-placeholder-aspect-ratio: 1024\/683;\" \/><\/figure>\n\n\n\n<p>Como me organizar na Fran\u00e7a: a medida de abertura das fronteiras vale apenas para os brasileiros que imunizados h\u00e1 7 dias com uma das vacinas reconhecidas pela Ag\u00eancia Europeia de Medicamentos, e 28 dias da Janssen. As vacinas aceitas pelo governo franc\u00eas s\u00e3o as da Pfizer, Moderna, AstraZeneca ou Janssen. Aqui no Brasil, e apesar de serem aprovadas pela Organiza\u00e7\u00e3o Mundial de Sa\u00fade, a OMS, os imunizantes Sinopharm e Sinovac (CoronaVac), ainda n\u00e3o s\u00e3o aceitos na Fran\u00e7a. A vacina Sputnik V, tamb\u00e9m ainda n\u00e3o \u00e9 v\u00e1lida na Uni\u00e3o Europeia, e a OMS, tamb\u00e9m n\u00e3o a reconheceu.<\/p>\n\n\n\n<p><strong>IMPORTANTE:<\/strong> \u00e9 obrigat\u00f3rio uso de m\u00e1scaras em locais p\u00fablicos com aglomera\u00e7\u00f5es e manter a dist\u00e2ncia de 1 metro e meio de outras pessoas. \u00c9 tamb\u00e9m obrigat\u00f3rio uso de m\u00e1scara em transportes p\u00fablicos, bem como locais fechados. Os viajantes vacinados n\u00e3o dever\u00e3o cumprir quarentena ao desembarcar na Fran\u00e7a.<\/p>\n\n\n\n<h3 class=\"wp-block-heading\">3. ESPANHA<\/h3>\n\n\n\n<p>A Espanha est\u00e1 finalmente aceitando turistas brasileiros, mas apenas aqueles que tomaram as duas doses ou a dose \u00fanica da vacina contra covid-19. O pa\u00eds que enfrentou fases muito dif\u00edceis com a doen\u00e7a, est\u00e1 em boa fase com sua popula\u00e7\u00e3o vacinada. Madrid, a bel\u00edssima capital espanhola est\u00e1 esperando voc\u00ea para f\u00e9rias inesquec\u00edveis! Saudades ou curioso para conhecer os diversos bairros e provar deliciosos tapas? Aproveite o ver\u00e3o europeu e corra para a Espanha! Barcelona tamb\u00e9m est\u00e1 aberta, com sua arquitetura magn\u00edfica. As ilhas baleares, Maiorca, Menorca, Ibiza e Formetera tamb\u00e9m est\u00e3o inclusas na lista de viagens!<\/p>\n\n\n\n<figure class=\"wp-block-image size-large\"><img decoding=\"async\" width=\"1024\" height=\"683\" data-src=\"https:\/\/www.sixt.com.br\/magazine\/wp-content\/uploads\/\/sites\/15\/2021\/08\/Espanha-ruas-1-1.jpg\" alt=\"\" class=\"wp-image-1138 lazyload\" data-srcset=\"https:\/\/www.sixt.com.br\/magazine\/wp-content\/uploads\/\/sites\/15\/2021\/08\/Espanha-ruas-1-1.jpg 1024w, https:\/\/www.sixt.com.br\/magazine\/wp-content\/uploads\/\/sites\/15\/2021\/08\/Espanha-ruas-1-1-300x200.jpg 300w, https:\/\/www.sixt.com.br\/magazine\/wp-content\/uploads\/\/sites\/15\/2021\/08\/Espanha-ruas-1-1-768x512.jpg 768w\" data-sizes=\"(max-width: 1024px) 100vw, 1024px\" src=\"data:image\/svg+xml;base64,PHN2ZyB3aWR0aD0iMSIgaGVpZ2h0PSIxIiB4bWxucz0iaHR0cDovL3d3dy53My5vcmcvMjAwMC9zdmciPjwvc3ZnPg==\" style=\"--smush-placeholder-width: 1024px; --smush-placeholder-aspect-ratio: 1024\/683;\" \/><\/figure>\n\n\n\n<p>Em terras espanholas, voc\u00ea precisa estar completamente vacinada h\u00e1 14 dias e apresentar um certificado de vacina\u00e7\u00e3o v\u00e1lido pela EU. Voc\u00ea pode acessar o site do Conecte SUS para obter o certificado que est\u00e3o tamb\u00e9m dispon\u00edveis em Espanhol e ingl\u00eas. Os passageiros tamb\u00e9m devem portar um c\u00f3digo QR obtido ao preencher um formul\u00e1rio de sa\u00fade, dispon\u00edvel no site Spanish Travel Health. Os imunizantes aprovados no Brasil, incluindo a nossa CoronaVac s\u00e3o v\u00e1lidos para as autoridades de sa\u00fade espanholas. Ent\u00e3o s\u00e3o aceitos as vacinas da Pfizer, AstraZeneca, Janssen e CoronaVac.<\/p>\n\n\n\n<p><strong>IMPORTANTE: <\/strong>\u00e9 obrigat\u00f3rio o uso de m\u00e1scaras em locais com aglomera\u00e7\u00f5es de pessoas e em ambientes fechados, tais como\u00a0shoppings, transporte p\u00fablicos e outros. Sempre\u00a0que\u00a0poss\u00edvel mantenha a dist\u00e2ncia de 1 metro e meio de outras pessoas. N\u00e3o \u00e9 preciso fazer quarentena na Espanha. <\/p>\n\n\n\n<p>E a lista se segue, com Su\u00ed\u00e7a, Andorra, Arm\u00eania, Belarus, B\u00f3snia e Herzegovina, Eslov\u00eania, Est\u00f4nia, Finl\u00e2ndia, Ge\u00f3rgia, Irlanda, Isl\u00e2ndia, Liechtenstein, Litu\u00e2nia, Mold\u00e1via, M\u00f4naco, Rom\u00eania e Ucr\u00e2nia. Confira o seu destino preferido e enfim, boas f\u00e9rias!<\/p>\n<!-- AddThis Advanced Settings generic via filter on the_content --><!-- AddThis Share Buttons generic via filter on the_content -->","protected":false},"excerpt":{"rendered":"<p>E a espera acabou! Finalmente, ap\u00f3s uma longa espera: sim, podemos viajar para a Europa! O continente abriu as portas para o turismo, e os brasileiros s\u00e3o aceitos por l\u00e1. Claro, tudo dentro das regras impostas pelo novo\u00a0coronav\u00edrus, respeitando todas as medidas de seguran\u00e7a e distanciamento. A hora \u00e9 de celebrarmos junto com o mundo&#8230;<!-- AddThis Advanced Settings generic via filter on get_the_excerpt --><!-- AddThis Share Buttons generic via filter on get_the_excerpt --><\/p>\n","protected":false},"author":45,"featured_media":1138,"comment_status":"open","ping_status":"open","sticky":false,"template":"","format":"standard","meta":{"_genesis_hide_title":false,"_genesis_hide_breadcrumbs":false,"_genesis_hide_singular_image":false,"_genesis_hide_footer_widgets":false,"_genesis_custom_body_class":"","_genesis_custom_post_class":"","_genesis_layout":"","ngg_post_thumbnail":0,"footnotes":""},"categories":[3,7],"tags":[],"class_list":{"0":"post-1133","1":"post","2":"type-post","3":"status-publish","4":"format-standard","5":"has-post-thumbnail","7":"category-noticias","8":"category-viagens","9":"entry"},"yoast_head":"<!-- This site is optimized with the Yoast SEO plugin v27.1.1 - https:\/\/yoast.com\/product\/yoast-seo-wordpress\/ -->\n<title>Podemos viajar para Europa! Confira os 3 principais destinos permitidos para brasileiros - Sixt Magazine<\/title>\n<meta name=\"description\" content=\"Arrume as malas! Vamos para a Europa! Confira as regras e os tr\u00eas destinos preferidos que est\u00e3o aceitando brasileiros!\" \/>\n<meta name=\"robots\" content=\"index, follow, max-snippet:-1, max-image-preview:large, max-video-preview:-1\" \/>\n<link rel=\"canonical\" href=\"https:\/\/www.sixt.com.br\/magazine\/noticias\/top-destinos-brasileiros-europa\/\" \/>\n<meta property=\"og:locale\" content=\"en_US\" \/>\n<meta property=\"og:type\" content=\"article\" \/>\n<meta property=\"og:title\" content=\"Podemos viajar para Europa! Confira os 3 principais destinos permitidos para brasileiros - Sixt Magazine\" \/>\n<meta property=\"og:description\" content=\"Arrume as malas! Vamos para a Europa! Confira as regras e os tr\u00eas destinos preferidos que est\u00e3o aceitando brasileiros!\" \/>\n<meta property=\"og:url\" content=\"https:\/\/www.sixt.com.br\/magazine\/noticias\/top-destinos-brasileiros-europa\/\" \/>\n<meta property=\"og:site_name\" content=\"Sixt Brasil Magazine\" \/>\n<meta property=\"article:published_time\" content=\"2021-08-26T07:54:14+00:00\" \/>\n<meta property=\"article:modified_time\" content=\"2021-08-26T07:56:53+00:00\" \/>\n<meta property=\"og:image\" content=\"https:\/\/www.sixt.com.br\/magazine\/wp-content\/uploads\/\/sites\/15\/2021\/08\/Espanha-ruas-1-1.jpg\" \/>\n\t<meta property=\"og:image:width\" content=\"1024\" \/>\n\t<meta property=\"og:image:height\" content=\"683\" \/>\n\t<meta property=\"og:image:type\" content=\"image\/jpeg\" \/>\n<meta name=\"twitter:card\" content=\"summary_large_image\" \/>\n<meta name=\"twitter:label1\" content=\"Written by\" \/>\n\t<meta name=\"twitter:data1\" content=\"\" \/>\n\t<meta name=\"twitter:label2\" content=\"Est. reading time\" \/>\n\t<meta name=\"twitter:data2\" content=\"5 minutes\" \/>\n<!-- \/ Yoast SEO plugin. -->","yoast_head_json":{"title":"Podemos viajar para Europa! Confira os 3 principais destinos permitidos para brasileiros - Sixt Magazine","description":"Arrume as malas! Vamos para a Europa! Confira as regras e os tr\u00eas destinos preferidos que est\u00e3o aceitando brasileiros!","robots":{"index":"index","follow":"follow","max-snippet":"max-snippet:-1","max-image-preview":"max-image-preview:large","max-video-preview":"max-video-preview:-1"},"canonical":"https:\/\/www.sixt.com.br\/magazine\/noticias\/top-destinos-brasileiros-europa\/","og_locale":"en_US","og_type":"article","og_title":"Podemos viajar para Europa! Confira os 3 principais destinos permitidos para brasileiros - Sixt Magazine","og_description":"Arrume as malas! Vamos para a Europa! Confira as regras e os tr\u00eas destinos preferidos que est\u00e3o aceitando brasileiros!","og_url":"https:\/\/www.sixt.com.br\/magazine\/noticias\/top-destinos-brasileiros-europa\/","og_site_name":"Sixt Brasil Magazine","article_published_time":"2021-08-26T07:54:14+00:00","article_modified_time":"2021-08-26T07:56:53+00:00","og_image":[{"width":1024,"height":683,"url":"https:\/\/www.sixt.com.br\/magazine\/wp-content\/uploads\/\/sites\/15\/2021\/08\/Espanha-ruas-1-1.jpg","type":"image\/jpeg"}],"twitter_card":"summary_large_image","twitter_misc":{"Written by":"","Est. reading time":"5 minutes"},"schema":{"@context":"https:\/\/schema.org","@graph":[{"@type":"Article","@id":"https:\/\/www.sixt.com.br\/magazine\/noticias\/top-destinos-brasileiros-europa\/#article","isPartOf":{"@id":"https:\/\/www.sixt.com.br\/magazine\/noticias\/top-destinos-brasileiros-europa\/"},"author":{"name":"","@id":""},"headline":"Podemos viajar para Europa! Confira os 3 principais destinos permitidos para brasileiros","datePublished":"2021-08-26T07:54:14+00:00","dateModified":"2021-08-26T07:56:53+00:00","mainEntityOfPage":{"@id":"https:\/\/www.sixt.com.br\/magazine\/noticias\/top-destinos-brasileiros-europa\/"},"wordCount":1032,"commentCount":0,"image":{"@id":"https:\/\/www.sixt.com.br\/magazine\/noticias\/top-destinos-brasileiros-europa\/#primaryimage"},"thumbnailUrl":"https:\/\/www.sixt.com.br\/magazine\/wp-content\/uploads\/\/sites\/15\/2021\/08\/Espanha-ruas-1-1.jpg","articleSection":["Not\u00edcias","Viagens"],"inLanguage":"en-US","potentialAction":[{"@type":"CommentAction","name":"Comment","target":["https:\/\/www.sixt.com.br\/magazine\/noticias\/top-destinos-brasileiros-europa\/#respond"]}]},{"@type":"WebPage","@id":"https:\/\/www.sixt.com.br\/magazine\/noticias\/top-destinos-brasileiros-europa\/","url":"https:\/\/www.sixt.com.br\/magazine\/noticias\/top-destinos-brasileiros-europa\/","name":"Podemos viajar para Europa! Confira os 3 principais destinos permitidos para brasileiros - Sixt Magazine","isPartOf":{"@id":"https:\/\/www.sixt.com.br\/magazine\/#website"},"primaryImageOfPage":{"@id":"https:\/\/www.sixt.com.br\/magazine\/noticias\/top-destinos-brasileiros-europa\/#primaryimage"},"image":{"@id":"https:\/\/www.sixt.com.br\/magazine\/noticias\/top-destinos-brasileiros-europa\/#primaryimage"},"thumbnailUrl":"https:\/\/www.sixt.com.br\/magazine\/wp-content\/uploads\/\/sites\/15\/2021\/08\/Espanha-ruas-1-1.jpg","datePublished":"2021-08-26T07:54:14+00:00","dateModified":"2021-08-26T07:56:53+00:00","author":{"@id":""},"description":"Arrume as malas! Vamos para a Europa! Confira as regras e os tr\u00eas destinos preferidos que est\u00e3o aceitando brasileiros!","breadcrumb":{"@id":"https:\/\/www.sixt.com.br\/magazine\/noticias\/top-destinos-brasileiros-europa\/#breadcrumb"},"inLanguage":"en-US","potentialAction":[{"@type":"ReadAction","target":["https:\/\/www.sixt.com.br\/magazine\/noticias\/top-destinos-brasileiros-europa\/"]}]},{"@type":"ImageObject","inLanguage":"en-US","@id":"https:\/\/www.sixt.com.br\/magazine\/noticias\/top-destinos-brasileiros-europa\/#primaryimage","url":"https:\/\/www.sixt.com.br\/magazine\/wp-content\/uploads\/\/sites\/15\/2021\/08\/Espanha-ruas-1-1.jpg","contentUrl":"https:\/\/www.sixt.com.br\/magazine\/wp-content\/uploads\/\/sites\/15\/2021\/08\/Espanha-ruas-1-1.jpg","width":1024,"height":683},{"@type":"BreadcrumbList","@id":"https:\/\/www.sixt.com.br\/magazine\/noticias\/top-destinos-brasileiros-europa\/#breadcrumb","itemListElement":[{"@type":"ListItem","position":1,"name":"Home","item":"https:\/\/www.sixt.com.br\/magazine\/"},{"@type":"ListItem","position":2,"name":"Podemos viajar para Europa! Confira os 3 principais destinos permitidos para brasileiros"}]},{"@type":"WebSite","@id":"https:\/\/www.sixt.com.br\/magazine\/#website","url":"https:\/\/www.sixt.com.br\/magazine\/","name":"Sixt Brasil Magazine","description":"Dicas de viagem e not\u00edcias da Sixt","potentialAction":[{"@type":"SearchAction","target":{"@type":"EntryPoint","urlTemplate":"https:\/\/www.sixt.com.br\/magazine\/?s={search_term_string}"},"query-input":{"@type":"PropertyValueSpecification","valueRequired":true,"valueName":"search_term_string"}}],"inLanguage":"en-US"},{"@type":"Person","@id":"","url":"https:\/\/www.sixt.com.br\/magazine\/author\/"}]}},"_links":{"self":[{"href":"https:\/\/www.sixt.com.br\/magazine\/wp-json\/wp\/v2\/posts\/1133","targetHints":{"allow":["GET"]}}],"collection":[{"href":"https:\/\/www.sixt.com.br\/magazine\/wp-json\/wp\/v2\/posts"}],"about":[{"href":"https:\/\/www.sixt.com.br\/magazine\/wp-json\/wp\/v2\/types\/post"}],"author":[{"embeddable":true,"href":"https:\/\/www.sixt.com.br\/magazine\/wp-json\/wp\/v2\/users\/45"}],"replies":[{"embeddable":true,"href":"https:\/\/www.sixt.com.br\/magazine\/wp-json\/wp\/v2\/comments?post=1133"}],"version-history":[{"count":0,"href":"https:\/\/www.sixt.com.br\/magazine\/wp-json\/wp\/v2\/posts\/1133\/revisions"}],"wp:featuredmedia":[{"embeddable":true,"href":"https:\/\/www.sixt.com.br\/magazine\/wp-json\/wp\/v2\/media\/1138"}],"wp:attachment":[{"href":"https:\/\/www.sixt.com.br\/magazine\/wp-json\/wp\/v2\/media?parent=1133"}],"wp:term":[{"taxonomy":"category","embeddable":true,"href":"https:\/\/www.sixt.com.br\/magazine\/wp-json\/wp\/v2\/categories?post=1133"},{"taxonomy":"post_tag","embeddable":true,"href":"https:\/\/www.sixt.com.br\/magazine\/wp-json\/wp\/v2\/tags?post=1133"}],"curies":[{"name":"wp","href":"https:\/\/api.w.org\/{rel}","templated":true}]}}